{"id":118228,"date":"2025-12-27T09:18:13","date_gmt":"2025-12-27T09:18:13","guid":{"rendered":"https:\/\/www.europesays.com\/se\/118228\/"},"modified":"2025-12-27T09:18:13","modified_gmt":"2025-12-27T09:18:13","slug":"ishockey-kanada-vann-jvm-premiaren-mot-tjeckien-efter-malfest","status":"publish","type":"post","link":"https:\/\/www.europesays.com\/se\/118228\/","title":{"rendered":"Ishockey: Kanada vann JVM-premi\u00e4ren mot Tjeckien \u2013 efter m\u00e5lfest"},"content":{"rendered":"<p>Se det l\u00e4ckra avslutet i spelaren ovan.<\/p>\n<p>Det talangsp\u00e4ckade Kanada f\u00e5r, som vanligt, ses som en utav favoriterna till guldmedaljen i JVM. Och precis som Sverige under g\u00e5rdagen startar man p\u00e5 b\u00e4sta m\u00f6jliga s\u00e4tt med en vinst.<\/p>\n<p>Men det var inte precis hur enkelt som helst. Tjeckien pressade l\u00e4nge i dramat som slutade 7\u20135 efter m\u00e5l i \u00f6ppen bur i slutminuten.<\/p>\n<p>Vid en tidpunkt i andra halvlek l\u00e5g man \u00e4ven under med 2\u20133 men fjol\u00e5rets draftnia Zayne Parekh \u2013 som gjort elva NHL-matcher f\u00f6r Calgary den h\u00e4r s\u00e4songen \u2013 ville annat. Med sina tv\u00e5 m\u00e5l v\u00e4nde han p\u00e5 steken och sedan kunde Kanada h\u00e5lla tjeckerna p\u00e5 en armsl\u00e4ngds avst\u00e5nd.<\/p>\n<p>\u2013 Vilken release han har, s\u00e4ger H\u00e4renstam.<\/p>\n<p>Under l\u00f6rdagskv\u00e4llen, 22.30, v\u00e4ntar Lettland f\u00f6r \u201dL\u00f6nnl\u00f6ven\u201d. Matchen s\u00e4nds p\u00e5 SVT24 och SVT Play.<\/p>\n","protected":false},"excerpt":{"rendered":"Se det l\u00e4ckra avslutet i spelaren ovan. Det talangsp\u00e4ckade Kanada f\u00e5r, som vanligt, ses som en utav favoriterna&hellip;\n","protected":false},"author":2,"featured_media":118229,"comment_status":"","ping_status":"","sticky":false,"template":"","format":"standard","meta":{"footnotes":""},"categories":[5],"tags":[22,23,26,27,17,21,24,25,28,29,15,16,18,34,31,33,32,30,19,20],"class_list":{"0":"post-118228","1":"post","2":"type-post","3":"status-publish","4":"format-standard","5":"has-post-thumbnail","7":"category-rubriker","8":"tag-breaking-news","9":"tag-breakingnews","10":"tag-featured-news","11":"tag-featurednews","12":"tag-headlines","13":"tag-huvudnyheter","14":"tag-latest-news","15":"tag-latestnews","16":"tag-main-news","17":"tag-mainnews","18":"tag-news","19":"tag-nyheter","20":"tag-rubriker","21":"tag-se","22":"tag-svenska","23":"tag-sverige","24":"tag-sweden","25":"tag-swedish","26":"tag-top-stories","27":"tag-topstories"},"share_on_mastodon":{"url":"https:\/\/pubeurope.com\/@se\/115790787561733410","error":""},"_links":{"self":[{"href":"https:\/\/www.europesays.com\/se\/wp-json\/wp\/v2\/posts\/118228","targetHints":{"allow":["GET"]}}],"collection":[{"href":"https:\/\/www.europesays.com\/se\/wp-json\/wp\/v2\/posts"}],"about":[{"href":"https:\/\/www.europesays.com\/se\/wp-json\/wp\/v2\/types\/post"}],"author":[{"embeddable":true,"href":"https:\/\/www.europesays.com\/se\/wp-json\/wp\/v2\/users\/2"}],"replies":[{"embeddable":true,"href":"https:\/\/www.europesays.com\/se\/wp-json\/wp\/v2\/comments?post=118228"}],"version-history":[{"count":0,"href":"https:\/\/www.europesays.com\/se\/wp-json\/wp\/v2\/posts\/118228\/revisions"}],"wp:featuredmedia":[{"embeddable":true,"href":"https:\/\/www.europesays.com\/se\/wp-json\/wp\/v2\/media\/118229"}],"wp:attachment":[{"href":"https:\/\/www.europesays.com\/se\/wp-json\/wp\/v2\/media?parent=118228"}],"wp:term":[{"taxonomy":"category","embeddable":true,"href":"https:\/\/www.europesays.com\/se\/wp-json\/wp\/v2\/categories?post=118228"},{"taxonomy":"post_tag","embeddable":true,"href":"https:\/\/www.europesays.com\/se\/wp-json\/wp\/v2\/tags?post=118228"}],"curies":[{"name":"wp","href":"https:\/\/api.w.org\/{rel}","templated":true}]}}