{"id":118242,"date":"2025-12-27T09:34:33","date_gmt":"2025-12-27T09:34:33","guid":{"rendered":"https:\/\/www.europesays.com\/se\/118242\/"},"modified":"2025-12-27T09:34:33","modified_gmt":"2025-12-27T09:34:33","slug":"v85-live-med-v85-tips-till-gavle-lordag-27-december","status":"publish","type":"post","link":"https:\/\/www.europesays.com\/se\/118242\/","title":{"rendered":"V85-live med V85-tips till G\u00e4vle, l\u00f6rdag 27 december"},"content":{"rendered":"<p>V85 FINAL CALL med Mario Lipovac \u2022 Chatt mellan 15.00 till 15.30share-arrowDela<\/p>\n<p>unsaveSpara<\/p>\n<p class=\"hyperion-css-1shl3oz\" data-test-tag=\"lead-text\">V\u00e4lkommen till V85 Final Call med Mario Lipovac.<\/p>\n<p class=\"hyperion-css-1shl3oz\" data-test-tag=\"lead-text\">I dag k\u00f6rs V85 p\u00e5 G\u00e4vle.<\/p>\n<p class=\"hyperion-css-1shl3oz\" data-test-tag=\"lead-text\">Spelstopp \u00e4r klockan 16.10.<\/p>\n<p class=\"hyperion-css-1shl3oz\" data-test-tag=\"lead-text\">Mellan klockan 15.00 till 15.30 kan du livechatta med experten \u2013 f\u00f6r att f\u00e5 det allra sista inf\u00f6r spelstopp i jakten p\u00e5 alla \u00e5tta r\u00e4tt.<\/p>\n<p class=\"hyperion-css-1shl3oz\" data-test-tag=\"lead-text\">Vilka \u00e4r b\u00e4sta spikarna? Vilka \u00e4r b\u00e4sta miljondragen?<\/p>\n<p class=\"hyperion-css-1shl3oz\" data-test-tag=\"lead-text\">Varmt v\u00e4lkomna.<\/p>\n<p class=\"hyperion-css-1shl3oz\" data-test-tag=\"lead-text\">St\u00e4ll din fr\u00e5ga redan nu nedan!<\/p>\n<p class=\"hyperion-css-mtu8ek\"><strong>H\u00e4r kan ni ta rygg p\u00e5 andelssystemet!<\/strong><\/p>\n<ul class=\"hyperion-css-dlhdzr\">\n<li class=\"hyperion-css-y50u4e\" data-entry-tags=\"\" data-testid=\"liveblog-entry\">\n<p>18 min <\/p>\n<p>Daniel S\u00f6derb\u00e4ck<\/p>\n<p class=\"hyperion-css-mtu8ek\"><strong>MISSA INTE: Att du kan rygga andelssystemet.<\/strong><\/p>\n<\/li>\n<\/ul>\n<p>Logga in f\u00f6r att skriva<\/p>\n<ul class=\"hyperion-css-88kmbp\">\n<li class=\"hyperion-css-100j4g8\" data-entry-tags=\"\" data-testid=\"liveblog-entry\">\n<p class=\"hyperion-css-mtu8ek\">Hej och v\u00e4lkomna till V85 Final Call med Mario Lipovac.<\/p>\n<p class=\"hyperion-css-mtu8ek\">I dag k\u00f6rs V85 p\u00e5 G\u00e4vle med spelstopp klockan 16.10.<\/p>\n<p class=\"hyperion-css-mtu8ek\">Mellan klockan 15.00 till 15.30 kan ni livechatta med experten inf\u00f6r omg\u00e5ngen.<\/p>\n<p class=\"hyperion-css-mtu8ek\">V\u00e4lkommen att st\u00e4lla dina fr\u00e5gor.<\/p>\n<\/li>\n<li class=\"hyperion-css-100j4g8\" data-entry-tags=\"\" data-testid=\"liveblog-entry\">\n<p>Tack f\u00f6r idag och lycka till! <\/p>\n<p>Tack f\u00f6r idag och lycka till! <\/p>\n<p class=\"hyperion-css-mtu8ek\">Tack f\u00f6r idag och god forts\u00e4ttning!<\/p>\n<p class=\"hyperion-css-mtu8ek\">Vi h\u00f6rs imorgon igen n\u00e4r vi ska till G\u00e4vle.<\/p>\n<\/li>\n<li class=\"hyperion-css-100j4g8 chat-entry\" data-entry-tags=\"\" data-testid=\"liveblog-entry\">\n<p class=\"hyperion-css-mtu8ek\">Startar med Godfather spik. Tror inte L\u00f6nn kan svara efter 50 meter n\u00e4r God f\u00e5tt upp farten<\/p>\n<p>mikael<\/p>\n<p class=\"hyperion-css-mtu8ek\">Mika Forss brukar vara best\u00e4md\u2026<\/p>\n<\/li>\n<li class=\"hyperion-css-100j4g8 chat-entry\" data-entry-tags=\"\" data-testid=\"liveblog-entry\">\n<p class=\"hyperion-css-mtu8ek\">D\u00e5 l\u00e5ser jag p\u00e5 1 och 8?<\/p>\n<p>IvanCastillo<\/p>\n<p class=\"hyperion-css-mtu8ek\">Tror du p\u00e5 spets och slut d\u00e5 ska du g\u00e5 p\u00e5 den, men l\u00e5set \u00e4r intressant som du s\u00e4ger! <\/p>\n<\/li>\n<\/ul>\n<p>Visa fler inl\u00e4gg<\/p>\n","protected":false},"excerpt":{"rendered":"V85 FINAL CALL med Mario Lipovac \u2022 Chatt mellan 15.00 till 15.30share-arrowDela unsaveSpara V\u00e4lkommen till V85 Final Call&hellip;\n","protected":false},"author":2,"featured_media":118243,"comment_status":"","ping_status":"","sticky":false,"template":"","format":"standard","meta":{"footnotes":""},"categories":[5],"tags":[22,23,26,27,17,21,24,25,28,29,15,16,18,34,31,33,32,30,19,20],"class_list":{"0":"post-118242","1":"post","2":"type-post","3":"status-publish","4":"format-standard","5":"has-post-thumbnail","7":"category-rubriker","8":"tag-breaking-news","9":"tag-breakingnews","10":"tag-featured-news","11":"tag-featurednews","12":"tag-headlines","13":"tag-huvudnyheter","14":"tag-latest-news","15":"tag-latestnews","16":"tag-main-news","17":"tag-mainnews","18":"tag-news","19":"tag-nyheter","20":"tag-rubriker","21":"tag-se","22":"tag-svenska","23":"tag-sverige","24":"tag-sweden","25":"tag-swedish","26":"tag-top-stories","27":"tag-topstories"},"share_on_mastodon":{"url":"https:\/\/pubeurope.com\/@se\/115790850521328234","error":""},"_links":{"self":[{"href":"https:\/\/www.europesays.com\/se\/wp-json\/wp\/v2\/posts\/118242","targetHints":{"allow":["GET"]}}],"collection":[{"href":"https:\/\/www.europesays.com\/se\/wp-json\/wp\/v2\/posts"}],"about":[{"href":"https:\/\/www.europesays.com\/se\/wp-json\/wp\/v2\/types\/post"}],"author":[{"embeddable":true,"href":"https:\/\/www.europesays.com\/se\/wp-json\/wp\/v2\/users\/2"}],"replies":[{"embeddable":true,"href":"https:\/\/www.europesays.com\/se\/wp-json\/wp\/v2\/comments?post=118242"}],"version-history":[{"count":0,"href":"https:\/\/www.europesays.com\/se\/wp-json\/wp\/v2\/posts\/118242\/revisions"}],"wp:featuredmedia":[{"embeddable":true,"href":"https:\/\/www.europesays.com\/se\/wp-json\/wp\/v2\/media\/118243"}],"wp:attachment":[{"href":"https:\/\/www.europesays.com\/se\/wp-json\/wp\/v2\/media?parent=118242"}],"wp:term":[{"taxonomy":"category","embeddable":true,"href":"https:\/\/www.europesays.com\/se\/wp-json\/wp\/v2\/categories?post=118242"},{"taxonomy":"post_tag","embeddable":true,"href":"https:\/\/www.europesays.com\/se\/wp-json\/wp\/v2\/tags?post=118242"}],"curies":[{"name":"wp","href":"https:\/\/api.w.org\/{rel}","templated":true}]}}