{"id":118264,"date":"2025-12-27T10:02:10","date_gmt":"2025-12-27T10:02:10","guid":{"rendered":"https:\/\/www.europesays.com\/se\/118264\/"},"modified":"2025-12-27T10:02:10","modified_gmt":"2025-12-27T10:02:10","slug":"kronika-waylon-jennings-star-for-arets-slapp-gaffa-se","status":"publish","type":"post","link":"https:\/\/www.europesays.com\/se\/118264\/","title":{"rendered":"KR\u00d6NIKA: Waylon Jennings st\u00e5r f\u00f6r \u00e5rets sl\u00e4pp &#8211; GAFFA.se"},"content":{"rendered":"<ol>\n<li><a href=\"https:\/\/news.google.com\/rss\/articles\/CBMijgFBVV95cUxQTGliVGNWdzBqSHJPZ2xVb1lFalFlNTljVk01dHNWMm4ybmdJaFp2bGotN0VLWl83ZDB3ZXBBVHBQUUZmbzZzQmZFbWVhUWRjRkJZcVVzdUZCUDhraDBmNGhpa1RJbFV2VXFBcE1kY3ZGcTE0bjVNSFBfQy01czlxRUNpYll2NDRTczBtb01B?oc=5\" target=\"_blank\" rel=\"nofollow noopener\">KR\u00d6NIKA: Waylon Jennings st\u00e5r f\u00f6r \u00e5rets sl\u00e4pp<\/a>&nbsp;&nbsp;GAFFA.se<\/li>\n<li><a href=\"https:\/\/news.google.com\/rss\/articles\/CBMiiAFBVV95cUxPR0E5Tmd5MDN0WXluZnBKWlF2N2VRU3c1VG1tc3ZqNWJMZE44RGJJTl9aeXR3akIyd01kdWlRU0JOTC1aMkNPZ2JDRmFySmQ4TjlDWVNCTlUtcU8zc2tGbmkzR1I5WjNiMHN6dVBCT0h4N0hMZVlvVEx5aC1aT3ZBWHlQQmhZY0pO?oc=5\" target=\"_blank\" rel=\"nofollow noopener\">Bjurman: David Byrne var b\u00e4st 2025<\/a>&nbsp;&nbsp;Aftonbladet<\/li>\n<li><a href=\"https:\/\/news.google.com\/rss\/articles\/CBMikgFBVV95cUxPYTJRdHpwS09odGhIeUpkRG45V3JYZGFCN09TQU9aTmhkWEpreTJFV1RmMVJpa1FZNGo3YXh1UWVSaGpQYWwtVlN4c0pYdFVCUnZxREpCN3gxa0xGSFN6elc0QkVkZ0prWk9iUFNVWXFOb200YmkwOHoySmlVY0tTVmY5LU5IWVJHSHN6T3FQRE9WZw?oc=5\" target=\"_blank\" rel=\"nofollow noopener\">Skivhyllan i P3: \u00c5rsb\u00e4sta 2025 med Mari och Jonas 27 december 2025 &#8211; P3 Mix<\/a>&nbsp;&nbsp;Sveriges Radio<\/li>\n<li><a href=\"https:\/\/news.google.com\/rss\/articles\/CBMid0FVX3lxTE1wM1k1eGszcTlZTTJEcGpNU0V1YVU3UXZvM0dpQVhWWDZsRS1nVDgxejdJWXpYYzllc1JkSUZTY2t6YzlPdDJWWWpkT24tbjFyaHE4VDIzckYyNkZmSlktSXN4THFjYW1mY3dyTDgtX3RCbnE2RDkw?oc=5\" target=\"_blank\" rel=\"nofollow noopener\">Jag h\u00e4pnar \u2013 det h\u00e4r \u00e4r ett skifte<\/a>&nbsp;&nbsp;SvD<\/li>\n<li><a href=\"https:\/\/news.google.com\/rss\/articles\/CBMiUkFVX3lxTE1nSzB3cm00aEFnQUZtV1V6XzI2dU16c1dZbEw0TGtid3FJR2E0clpOdjY1VEVjanhzOWd4SGxCQXlVRW5qSTJPMEc4eXVzRlVLQlE?oc=5\" target=\"_blank\" rel=\"nofollow noopener\">Musik\u00e5ret 2025 \u2013 Anna von Hausswolff och Rosal\u00eda<\/a>&nbsp;&nbsp;SVT Nyheter<\/li>\n<\/ol>\n","protected":false},"excerpt":{"rendered":"KR\u00d6NIKA: Waylon Jennings st\u00e5r f\u00f6r \u00e5rets sl\u00e4pp&nbsp;&nbsp;GAFFA.se Bjurman: David Byrne var b\u00e4st 2025&nbsp;&nbsp;Aftonbladet Skivhyllan i P3: \u00c5rsb\u00e4sta 2025&hellip;\n","protected":false},"author":2,"featured_media":118265,"comment_status":"","ping_status":"","sticky":false,"template":"","format":"standard","meta":{"footnotes":""},"categories":[67],"tags":[104,34,31,33,32,30,105],"class_list":{"0":"post-118264","1":"post","2":"type-post","3":"status-publish","4":"format-standard","5":"has-post-thumbnail","7":"category-underhallning","8":"tag-entertainment","9":"tag-se","10":"tag-svenska","11":"tag-sverige","12":"tag-sweden","13":"tag-swedish","14":"tag-underhallning"},"share_on_mastodon":{"url":"https:\/\/pubeurope.com\/@se\/115790960580541219","error":""},"_links":{"self":[{"href":"https:\/\/www.europesays.com\/se\/wp-json\/wp\/v2\/posts\/118264","targetHints":{"allow":["GET"]}}],"collection":[{"href":"https:\/\/www.europesays.com\/se\/wp-json\/wp\/v2\/posts"}],"about":[{"href":"https:\/\/www.europesays.com\/se\/wp-json\/wp\/v2\/types\/post"}],"author":[{"embeddable":true,"href":"https:\/\/www.europesays.com\/se\/wp-json\/wp\/v2\/users\/2"}],"replies":[{"embeddable":true,"href":"https:\/\/www.europesays.com\/se\/wp-json\/wp\/v2\/comments?post=118264"}],"version-history":[{"count":0,"href":"https:\/\/www.europesays.com\/se\/wp-json\/wp\/v2\/posts\/118264\/revisions"}],"wp:featuredmedia":[{"embeddable":true,"href":"https:\/\/www.europesays.com\/se\/wp-json\/wp\/v2\/media\/118265"}],"wp:attachment":[{"href":"https:\/\/www.europesays.com\/se\/wp-json\/wp\/v2\/media?parent=118264"}],"wp:term":[{"taxonomy":"category","embeddable":true,"href":"https:\/\/www.europesays.com\/se\/wp-json\/wp\/v2\/categories?post=118264"},{"taxonomy":"post_tag","embeddable":true,"href":"https:\/\/www.europesays.com\/se\/wp-json\/wp\/v2\/tags?post=118264"}],"curies":[{"name":"wp","href":"https:\/\/api.w.org\/{rel}","templated":true}]}}