{"id":118273,"date":"2025-12-27T10:13:24","date_gmt":"2025-12-27T10:13:24","guid":{"rendered":"https:\/\/www.europesays.com\/se\/118273\/"},"modified":"2025-12-27T10:13:24","modified_gmt":"2025-12-27T10:13:24","slug":"over-130-migranter-raddade-utanfor-kreta","status":"publish","type":"post","link":"https:\/\/www.europesays.com\/se\/118273\/","title":{"rendered":"\u00d6ver 130 migranter r\u00e4ddade utanf\u00f6r Kreta"},"content":{"rendered":"<p>share-arrowDela<\/p>\n<p>unsaveSpara<\/p>\n<p>expand-left<\/p>\n<p>helsk\u00e4rm<img decoding=\"async\" class=\"image-asset hyperion-css-u06ts1\" data-test-tag=\"image-asset\" src=\"https:\/\/www.europesays.com\/se\/wp-content\/uploads\/2025\/12\/1c3f75c5-cc26-45e7-94cd-25c02ab21dc7\"  alt=\"Migranter g\u00e5r p\u00e5 en buss vid en hamn p\u00e5 Kreta efter en r\u00e4ddningsinsats av den grekiska kustbevakningen. Bild fr\u00e5n i oktober.\"  loading=\"eager\" fetchpriority=\"high\" style=\"aspect-ratio:1900 \/ 1267\"\/>Migranter g\u00e5r p\u00e5 en buss vid en hamn p\u00e5 Kreta efter en r\u00e4ddningsinsats av den grekiska kustbevakningen. Bild fr\u00e5n i oktober. Foto: Giannis Angelakis\/AP\/TT<\/p>\n<p class=\"hyperion-css-1shl3oz\" data-test-tag=\"lead-text\">Fler \u00e4n 130 migranter har r\u00e4ddats av grekiska kustbevakningen utanf\u00f6r \u00f6n Kreta under l\u00f6rdagsmorgonen, uppger polis.<\/p>\n<p class=\"hyperion-css-1v9qo5x\">Migranterna, som f\u00e4rdades med en fiskeb\u00e5t, r\u00e4ddades drygt 2,5 mil utanf\u00f6r Gavdos, en liten \u00f6 s\u00f6der om Kreta. Deras nationalitet har inte offentliggjorts.<\/p>\n<p class=\"hyperion-css-1v9qo5x\">Under de senaste fem dagarna har d\u00e4rmed totalt 840 personer r\u00e4ddats ur havet, enligt polisen.<\/p>\n<p class=\"hyperion-css-1v9qo5x\">M\u00e5nga m\u00e4nniskor som f\u00f6rs\u00f6ker korsa Medelhavet fr\u00e5n Libyen till Kreta drunknar under den riskfyllda f\u00e4rden. I b\u00f6rjan av december drunknade 17 personer, fr\u00e4mst sudaneser och egyptier, n\u00e4r deras b\u00e5t sj\u00f6nk utanf\u00f6r Kretas kust. Endast tv\u00e5 personer \u00f6verlevde medan 15 rapporteras saknade.<\/p>\n<p class=\"hyperion-css-1v9qo5x\">\u00d6ver 16\u00a0770 m\u00e4nniskor har under \u00e5ret anl\u00e4nt till Kreta f\u00f6r att f\u00f6rs\u00f6ka ta sig till Europa, enligt FN:s flyktingorgan UNHCR.<\/p>\n","protected":false},"excerpt":{"rendered":"share-arrowDela unsaveSpara expand-left helsk\u00e4rmMigranter g\u00e5r p\u00e5 en buss vid en hamn p\u00e5 Kreta efter en r\u00e4ddningsinsats av den&hellip;\n","protected":false},"author":2,"featured_media":118274,"comment_status":"","ping_status":"","sticky":false,"template":"","format":"standard","meta":{"footnotes":""},"categories":[65],"tags":[72,70,71,34,31,33,32,30],"class_list":{"0":"post-118273","1":"post","2":"type-post","3":"status-publish","4":"format-standard","5":"has-post-thumbnail","7":"category-ekonomi","8":"tag-business","9":"tag-economy","10":"tag-ekonomi","11":"tag-se","12":"tag-svenska","13":"tag-sverige","14":"tag-sweden","15":"tag-swedish"},"share_on_mastodon":{"url":"https:\/\/pubeurope.com\/@se\/115791004200372895","error":""},"_links":{"self":[{"href":"https:\/\/www.europesays.com\/se\/wp-json\/wp\/v2\/posts\/118273","targetHints":{"allow":["GET"]}}],"collection":[{"href":"https:\/\/www.europesays.com\/se\/wp-json\/wp\/v2\/posts"}],"about":[{"href":"https:\/\/www.europesays.com\/se\/wp-json\/wp\/v2\/types\/post"}],"author":[{"embeddable":true,"href":"https:\/\/www.europesays.com\/se\/wp-json\/wp\/v2\/users\/2"}],"replies":[{"embeddable":true,"href":"https:\/\/www.europesays.com\/se\/wp-json\/wp\/v2\/comments?post=118273"}],"version-history":[{"count":0,"href":"https:\/\/www.europesays.com\/se\/wp-json\/wp\/v2\/posts\/118273\/revisions"}],"wp:featuredmedia":[{"embeddable":true,"href":"https:\/\/www.europesays.com\/se\/wp-json\/wp\/v2\/media\/118274"}],"wp:attachment":[{"href":"https:\/\/www.europesays.com\/se\/wp-json\/wp\/v2\/media?parent=118273"}],"wp:term":[{"taxonomy":"category","embeddable":true,"href":"https:\/\/www.europesays.com\/se\/wp-json\/wp\/v2\/categories?post=118273"},{"taxonomy":"post_tag","embeddable":true,"href":"https:\/\/www.europesays.com\/se\/wp-json\/wp\/v2\/tags?post=118273"}],"curies":[{"name":"wp","href":"https:\/\/api.w.org\/{rel}","templated":true}]}}