{"id":118279,"date":"2025-12-27T10:17:40","date_gmt":"2025-12-27T10:17:40","guid":{"rendered":"https:\/\/www.europesays.com\/se\/118279\/"},"modified":"2025-12-27T10:17:40","modified_gmt":"2025-12-27T10:17:40","slug":"vardcentrum-i-ostergotland-slas-ihop-till-juni-2026","status":"publish","type":"post","link":"https:\/\/www.europesays.com\/se\/118279\/","title":{"rendered":"V\u00e5rdcentrum i \u00d6sterg\u00f6tland sl\u00e5s ihop till juni 2026"},"content":{"rendered":"<p>Ni har h\u00f6rt det f\u00f6rut: de gamla blir allt fler.P\u00e5 Universitetssjukhuset i Link\u00f6ping g\u00f6r det att man nu t\u00e4nker om p\u00e5 flera plan. Men vi tar det fr\u00e5n b\u00f6rjan.US har ansvar f\u00f6r h\u00f6gspecialiserad v\u00e5rd inte bara f\u00f6r \u00f6stg\u00f6tarna, utan \u00e4ven f\u00f6r inv\u00e5narna i Kalmar och J\u00f6nk\u00f6pings l\u00e4n.Behovet av specialisering har lett till framv\u00e4xten av flera organkliniker \u2013 avdelningar som helt <\/p>\n","protected":false},"excerpt":{"rendered":"Ni har h\u00f6rt det f\u00f6rut: de gamla blir allt fler.P\u00e5 Universitetssjukhuset i Link\u00f6ping g\u00f6r det att man nu&hellip;\n","protected":false},"author":2,"featured_media":118280,"comment_status":"","ping_status":"","sticky":false,"template":"","format":"standard","meta":{"footnotes":""},"categories":[5],"tags":[22,23,26,27,17,21,24,25,28,29,15,16,18,34,31,33,32,30,19,20],"class_list":{"0":"post-118279","1":"post","2":"type-post","3":"status-publish","4":"format-standard","5":"has-post-thumbnail","7":"category-rubriker","8":"tag-breaking-news","9":"tag-breakingnews","10":"tag-featured-news","11":"tag-featurednews","12":"tag-headlines","13":"tag-huvudnyheter","14":"tag-latest-news","15":"tag-latestnews","16":"tag-main-news","17":"tag-mainnews","18":"tag-news","19":"tag-nyheter","20":"tag-rubriker","21":"tag-se","22":"tag-svenska","23":"tag-sverige","24":"tag-sweden","25":"tag-swedish","26":"tag-top-stories","27":"tag-topstories"},"share_on_mastodon":{"url":"https:\/\/pubeurope.com\/@se\/115791019566488806","error":""},"_links":{"self":[{"href":"https:\/\/www.europesays.com\/se\/wp-json\/wp\/v2\/posts\/118279","targetHints":{"allow":["GET"]}}],"collection":[{"href":"https:\/\/www.europesays.com\/se\/wp-json\/wp\/v2\/posts"}],"about":[{"href":"https:\/\/www.europesays.com\/se\/wp-json\/wp\/v2\/types\/post"}],"author":[{"embeddable":true,"href":"https:\/\/www.europesays.com\/se\/wp-json\/wp\/v2\/users\/2"}],"replies":[{"embeddable":true,"href":"https:\/\/www.europesays.com\/se\/wp-json\/wp\/v2\/comments?post=118279"}],"version-history":[{"count":0,"href":"https:\/\/www.europesays.com\/se\/wp-json\/wp\/v2\/posts\/118279\/revisions"}],"wp:featuredmedia":[{"embeddable":true,"href":"https:\/\/www.europesays.com\/se\/wp-json\/wp\/v2\/media\/118280"}],"wp:attachment":[{"href":"https:\/\/www.europesays.com\/se\/wp-json\/wp\/v2\/media?parent=118279"}],"wp:term":[{"taxonomy":"category","embeddable":true,"href":"https:\/\/www.europesays.com\/se\/wp-json\/wp\/v2\/categories?post=118279"},{"taxonomy":"post_tag","embeddable":true,"href":"https:\/\/www.europesays.com\/se\/wp-json\/wp\/v2\/tags?post=118279"}],"curies":[{"name":"wp","href":"https:\/\/api.w.org\/{rel}","templated":true}]}}