{"id":118281,"date":"2025-12-27T10:19:08","date_gmt":"2025-12-27T10:19:08","guid":{"rendered":"https:\/\/www.europesays.com\/se\/118281\/"},"modified":"2025-12-27T10:19:08","modified_gmt":"2025-12-27T10:19:08","slug":"stig-ivan-led-av-smartsamma-bolder-hidradenitis-suppurativa","status":"publish","type":"post","link":"https:\/\/www.europesays.com\/se\/118281\/","title":{"rendered":"Stig-Ivan led av sm\u00e4rtsamma b\u00f6lder, hidradenitis suppurativa"},"content":{"rendered":"<p>Publicerad 27 dec 2025 kl 11.00<\/p>\n<p> Premium Stora v\u00e4tskande b\u00f6lder som luktade kloak och d\u00f6d.<\/p>\n<p>I 30 \u00e5rs tid levde Stig-Ivan med b\u00e5de sm\u00e4rta och skam.<\/p>\n<p>\u2013 Jag hade en b\u00f6ld p\u00e5 pungen som v\u00e4xte sig stor som en fotboll.<\/p>\n<p>H\u00e4r ber\u00e4ttar han om vad som blev r\u00e4ddningen \u2013 och varf\u00f6r han valt att dela med sig av sin historia.<\/p>\n<p>\u00a0<\/p>\n<p><a href=\"https:\/\/www.expressen.se\/premium\/halsa\/\" rel=\"nofollow noopener\" target=\"_blank\">H\u00e4r hittar du mer om medicin, h\u00e4lsa och forskning!<br \/><\/a><\/p>\n<p><img   alt=\"De f\u00f6rsta sm\u00e4rtsamma b\u00f6lderna d\u00f6k upp n\u00e4r Stig-Ivan bara var 13-14 \u00e5r.\"\/><\/p>\n<p>De f\u00f6rsta sm\u00e4rtsamma b\u00f6lderna d\u00f6k upp n\u00e4r Stig-Ivan bara var 13-14 \u00e5r. Foto: Privat<\/p>\n<p>Dela artikel<\/p>\n<p>Kopiera l\u00e4nk<\/p>\n<p>L\u00e4nk kopierad<\/p>\n<p>Han var bara 13-14 \u00e5r n\u00e4r han fick den f\u00f6rsta b\u00f6lden. Den luktade s\u00e5 illa att han kr\u00e4ktes.<\/p>\n<p>\u2013 Den satt p\u00e5 svanskotan, p\u00e5 b\u00e5da sidor, och det var helt om\u00f6jligt att sitta ner. N\u00e4r l\u00e4karen \u00e4ntligen tog bort den k\u00e4nde jag en enorm l\u00e4ttnad.<\/p>\n","protected":false},"excerpt":{"rendered":"Publicerad 27 dec 2025 kl 11.00 Premium Stora v\u00e4tskande b\u00f6lder som luktade kloak och d\u00f6d. I 30 \u00e5rs&hellip;\n","protected":false},"author":2,"featured_media":118282,"comment_status":"","ping_status":"","sticky":false,"template":"","format":"standard","meta":{"footnotes":""},"categories":[69],"tags":[280,113,112,12656,2741,34,31,33,32,30],"class_list":{"0":"post-118281","1":"post","2":"type-post","3":"status-publish","4":"format-standard","5":"has-post-thumbnail","7":"category-halsa","8":"tag-dagbladet","9":"tag-halsa","10":"tag-health","11":"tag-hud-harbesvar","12":"tag-lakemedel","13":"tag-se","14":"tag-svenska","15":"tag-sverige","16":"tag-sweden","17":"tag-swedish"},"share_on_mastodon":{"url":"https:\/\/pubeurope.com\/@se\/115791027560868052","error":""},"_links":{"self":[{"href":"https:\/\/www.europesays.com\/se\/wp-json\/wp\/v2\/posts\/118281","targetHints":{"allow":["GET"]}}],"collection":[{"href":"https:\/\/www.europesays.com\/se\/wp-json\/wp\/v2\/posts"}],"about":[{"href":"https:\/\/www.europesays.com\/se\/wp-json\/wp\/v2\/types\/post"}],"author":[{"embeddable":true,"href":"https:\/\/www.europesays.com\/se\/wp-json\/wp\/v2\/users\/2"}],"replies":[{"embeddable":true,"href":"https:\/\/www.europesays.com\/se\/wp-json\/wp\/v2\/comments?post=118281"}],"version-history":[{"count":0,"href":"https:\/\/www.europesays.com\/se\/wp-json\/wp\/v2\/posts\/118281\/revisions"}],"wp:featuredmedia":[{"embeddable":true,"href":"https:\/\/www.europesays.com\/se\/wp-json\/wp\/v2\/media\/118282"}],"wp:attachment":[{"href":"https:\/\/www.europesays.com\/se\/wp-json\/wp\/v2\/media?parent=118281"}],"wp:term":[{"taxonomy":"category","embeddable":true,"href":"https:\/\/www.europesays.com\/se\/wp-json\/wp\/v2\/categories?post=118281"},{"taxonomy":"post_tag","embeddable":true,"href":"https:\/\/www.europesays.com\/se\/wp-json\/wp\/v2\/tags?post=118281"}],"curies":[{"name":"wp","href":"https:\/\/api.w.org\/{rel}","templated":true}]}}