{"id":118287,"date":"2025-12-27T10:23:22","date_gmt":"2025-12-27T10:23:22","guid":{"rendered":"https:\/\/www.europesays.com\/se\/118287\/"},"modified":"2025-12-27T10:23:22","modified_gmt":"2025-12-27T10:23:22","slug":"60-000-telefoner-maste-bytas-problem-att-na-112","status":"publish","type":"post","link":"https:\/\/www.europesays.com\/se\/118287\/","title":{"rendered":"60 000 telefoner m\u00e5ste bytas \u2013 problem att n\u00e5 112"},"content":{"rendered":"<p class=\"kicker t16 tm16 tertiary color_mobile_tertiary\" style=\"\">Samh\u00e4lle<\/p>\n<p>\n        Flera tusen telefoner kommer att f\u00e5 problem att n\u00e5 112 och beh\u00f6ver d\u00e4rf\u00f6r bytas, meddelar PTS.<br \/>\n        Gorm Kallestad\/NTB\/TT\n    <\/p>\n<p>    Minst 7\u00a0000 mobiler har redan blockerats, ytterligare minst 60\u00a0000 ute i\u00a0landet beh\u00f6ver bytas ut f\u00f6r att kunna n\u00e5 n\u00f6d\u00adnumret 112 via det egna n\u00e4tet efter den 2\u00a0februari. <\/p>\n<p>\u2013 Har du blivit kontaktad av din operat\u00f6r, ta det p\u00e5 allvar och agera, s\u00e4ger Jonas Wessel, avdelnings\u00adchef p\u00e5 Post- och tele\u00adstyrelsen (PTS) vid en presstr\u00e4ff.<\/p>\n<p>Bakgrunden \u00e4r det teknik\u00adskifte som p\u00e5g\u00e5r i\u00a0Sverige. Gamla 2G- och 3G-n\u00e4t h\u00e5ller p\u00e5 att st\u00e4ngas ner f\u00f6r att skapa utrymme f\u00f6r modernare standard, som 4G och 5G. <\/p>\n<p>                ERBJUDANDE!<br \/>\n<br \/>V\u00e4rlden idag DIGITAL<br \/>\n                2 m\u00e5nader f\u00f6r 10 kr!<\/p>\n<p>\n                    <a class=\"lab-paywall-teaser-offer-button\" href=\"https:\/\/api.varldenidag.se\/paywall\/order?providerUrl=https%3A%2F%2Forder.flowy.se%2Fvarldenidag%2Fvarldenidagdigital%2F3990%2Fuserform%3FcouponNumber%3D124&amp;siteAlias=varldenidag&amp;&amp;siteId=2&amp;contentUrl=https%3A%2F%2Fwww.varldenidag.se%2Fvardag%2F60-000-telefoner-maste-bytas-problem-att-na-112%2F898158\" rel=\"nofollow noopener\" target=\"_blank\">K\u00d6P<\/a>\n                <\/p>\n<p>                V\u00e4rlden idag<br \/>\n<br \/>DIGITAL<br \/>\n                129,-<\/p>\n<p class=\"price_description\">kr\/m\u00e5nad \u200b\u200b\u200b\u200b\u200b\u200b<\/p>\n<p>\n                    <a class=\"lab-paywall-teaser-offer-button\" href=\"https:\/\/order.flowy.se\/varldenidag\/varldenidagdigital\" rel=\"nofollow noopener\" target=\"_blank\">K\u00d6P<\/a>\n                <\/p>\n<p>                V\u00e4rlden idag<br \/>\n<br \/>PAPPER<br \/>\n                189,-<\/p>\n<p class=\"price_description\">kr\/m\u00e5nad \u200b\u200b\u200b\u200b\u200b\u200b<\/p>\n<p>\n                    <a class=\"lab-paywall-teaser-offer-button\" href=\"https:\/\/order.flowy.se\/varldenidag\/varldenidag\" rel=\"nofollow noopener\" target=\"_blank\">K\u00d6P<\/a>\n                <\/p>\n","protected":false},"excerpt":{"rendered":"Samh\u00e4lle Flera tusen telefoner kommer att f\u00e5 problem att n\u00e5 112 och beh\u00f6ver d\u00e4rf\u00f6r bytas, meddelar PTS. Gorm&hellip;\n","protected":false},"author":2,"featured_media":118288,"comment_status":"","ping_status":"","sticky":false,"template":"","format":"standard","meta":{"footnotes":""},"categories":[65],"tags":[72,70,71,34,31,33,32,30],"class_list":{"0":"post-118287","1":"post","2":"type-post","3":"status-publish","4":"format-standard","5":"has-post-thumbnail","7":"category-ekonomi","8":"tag-business","9":"tag-economy","10":"tag-ekonomi","11":"tag-se","12":"tag-svenska","13":"tag-sverige","14":"tag-sweden","15":"tag-swedish"},"share_on_mastodon":{"url":"https:\/\/pubeurope.com\/@se\/115791043141574420","error":""},"_links":{"self":[{"href":"https:\/\/www.europesays.com\/se\/wp-json\/wp\/v2\/posts\/118287","targetHints":{"allow":["GET"]}}],"collection":[{"href":"https:\/\/www.europesays.com\/se\/wp-json\/wp\/v2\/posts"}],"about":[{"href":"https:\/\/www.europesays.com\/se\/wp-json\/wp\/v2\/types\/post"}],"author":[{"embeddable":true,"href":"https:\/\/www.europesays.com\/se\/wp-json\/wp\/v2\/users\/2"}],"replies":[{"embeddable":true,"href":"https:\/\/www.europesays.com\/se\/wp-json\/wp\/v2\/comments?post=118287"}],"version-history":[{"count":0,"href":"https:\/\/www.europesays.com\/se\/wp-json\/wp\/v2\/posts\/118287\/revisions"}],"wp:featuredmedia":[{"embeddable":true,"href":"https:\/\/www.europesays.com\/se\/wp-json\/wp\/v2\/media\/118288"}],"wp:attachment":[{"href":"https:\/\/www.europesays.com\/se\/wp-json\/wp\/v2\/media?parent=118287"}],"wp:term":[{"taxonomy":"category","embeddable":true,"href":"https:\/\/www.europesays.com\/se\/wp-json\/wp\/v2\/categories?post=118287"},{"taxonomy":"post_tag","embeddable":true,"href":"https:\/\/www.europesays.com\/se\/wp-json\/wp\/v2\/tags?post=118287"}],"curies":[{"name":"wp","href":"https:\/\/api.w.org\/{rel}","templated":true}]}}