{"id":118295,"date":"2025-12-27T10:34:37","date_gmt":"2025-12-27T10:34:37","guid":{"rendered":"https:\/\/www.europesays.com\/se\/118295\/"},"modified":"2025-12-27T10:34:37","modified_gmt":"2025-12-27T10:34:37","slug":"har-satt-in-alla-resurser-vi-har","status":"publish","type":"post","link":"https:\/\/www.europesays.com\/se\/118295\/","title":{"rendered":"\u201dHar satt in alla resurser vi har\u201d"},"content":{"rendered":"<p>I trafiken m\u00e4rks stormen Johannes av. Under l\u00f6rdagsmorgonen har flera v\u00e4gar blivit helt eller delvis blockerade av nedfallna tr\u00e4d i mellersta och norra Sverige. Det rapporterar Sveriges Radios Trafikredaktion.<\/p>\n<p>Trafikverket s\u00e4ger att de har satt in bandvagnar och \u201dalla resurser vi har\u201d.<\/p>\n<p>\u2013 M\u00e5ste man ut och k\u00f6ra s\u00e5 m\u00e5ste man vara inf\u00f6rst\u00e5dd med att det kan bli stopp, s\u00e4ger Denny Josefsson p\u00e5 Trafikverket. <\/p>\n<p>SMHI, Trafikverket och polisen har g\u00e5tt ut med en gemensam uppmaning att inte ge sig ut p\u00e5 v\u00e4garna som omfattas av de orange varningarna.<\/p>\n<p>De trafikanter som \u00e4r ute och k\u00f6r uppmanas att h\u00e5lla sig till de st\u00f6rre Europa- och riksv\u00e4garna.<\/p>\n<p>Omni \u00e4r politiskt obundna och oberoende. Vi str\u00e4var efter att ge fler perspektiv p\u00e5 nyheterna. Har du fr\u00e5gor eller synpunkter kring v\u00e5r rapportering? <a href=\"https:\/\/omni.se\/trad-faller-har-satt-in-alla-resurser-vi-har\/a\/mailto:redaktion@omni.se\" class=\"ArticleActions_contactLink__W2F1M\" rel=\"nofollow noopener\" target=\"_blank\">Kontakta redaktionen<\/a><\/p>\n","protected":false},"excerpt":{"rendered":"I trafiken m\u00e4rks stormen Johannes av. Under l\u00f6rdagsmorgonen har flera v\u00e4gar blivit helt eller delvis blockerade av nedfallna&hellip;\n","protected":false},"author":2,"featured_media":118296,"comment_status":"","ping_status":"","sticky":false,"template":"","format":"standard","meta":{"footnotes":""},"categories":[12],"tags":[22,23,26,27,17,21,24,25,28,29,15,16,18,34,842,31,33,32,30,19,20,366,1841,693],"class_list":{"0":"post-118295","1":"post","2":"type-post","3":"status-publish","4":"format-standard","5":"has-post-thumbnail","7":"category-sverige","8":"tag-breaking-news","9":"tag-breakingnews","10":"tag-featured-news","11":"tag-featurednews","12":"tag-headlines","13":"tag-huvudnyheter","14":"tag-latest-news","15":"tag-latestnews","16":"tag-main-news","17":"tag-mainnews","18":"tag-news","19":"tag-nyheter","20":"tag-rubriker","21":"tag-se","22":"tag-smhi","23":"tag-svenska","24":"tag-sverige","25":"tag-sweden","26":"tag-swedish","27":"tag-top-stories","28":"tag-topstories","29":"tag-trafik","30":"tag-trafikverket","31":"tag-vader"},"share_on_mastodon":{"url":"https:\/\/pubeurope.com\/@se\/115791086527792037","error":""},"_links":{"self":[{"href":"https:\/\/www.europesays.com\/se\/wp-json\/wp\/v2\/posts\/118295","targetHints":{"allow":["GET"]}}],"collection":[{"href":"https:\/\/www.europesays.com\/se\/wp-json\/wp\/v2\/posts"}],"about":[{"href":"https:\/\/www.europesays.com\/se\/wp-json\/wp\/v2\/types\/post"}],"author":[{"embeddable":true,"href":"https:\/\/www.europesays.com\/se\/wp-json\/wp\/v2\/users\/2"}],"replies":[{"embeddable":true,"href":"https:\/\/www.europesays.com\/se\/wp-json\/wp\/v2\/comments?post=118295"}],"version-history":[{"count":0,"href":"https:\/\/www.europesays.com\/se\/wp-json\/wp\/v2\/posts\/118295\/revisions"}],"wp:featuredmedia":[{"embeddable":true,"href":"https:\/\/www.europesays.com\/se\/wp-json\/wp\/v2\/media\/118296"}],"wp:attachment":[{"href":"https:\/\/www.europesays.com\/se\/wp-json\/wp\/v2\/media?parent=118295"}],"wp:term":[{"taxonomy":"category","embeddable":true,"href":"https:\/\/www.europesays.com\/se\/wp-json\/wp\/v2\/categories?post=118295"},{"taxonomy":"post_tag","embeddable":true,"href":"https:\/\/www.europesays.com\/se\/wp-json\/wp\/v2\/tags?post=118295"}],"curies":[{"name":"wp","href":"https:\/\/api.w.org\/{rel}","templated":true}]}}