{"id":118297,"date":"2025-12-27T10:35:09","date_gmt":"2025-12-27T10:35:09","guid":{"rendered":"https:\/\/www.europesays.com\/se\/118297\/"},"modified":"2025-12-27T10:35:09","modified_gmt":"2025-12-27T10:35:09","slug":"bryter-ihop-i-tarar-efter-sivert-guttorm-bakkens-dod-langdskidor","status":"publish","type":"post","link":"https:\/\/www.europesays.com\/se\/118297\/","title":{"rendered":"Bryter ihop i t\u00e5rar \u2013 efter Sivert Guttorm Bakkens d\u00f6d | L\u00e4ngdskidor"},"content":{"rendered":"<p>Publicerad 27 dec 2025 kl 11.16Uppdaterad kl 11.33<\/p>\n<p>Den norska l\u00e4ngd\u00e5karen Karoline Simpson-Larsen var p\u00e5 plats i Lavaz\u00e8 d\u00e5 skidskytten Sivert Guttorm Bakken hittades d\u00f6d.\u00a0<\/p>\n<p>Med t\u00e5rar i \u00f6gonen ber\u00e4ttar hon nu om sorgen.\u00a0<\/p>\n<p><img   alt=\"\"\/> <\/p>\n<p>Foto: Expressen<\/p>\n<p>\u00d6ppna bild i helsk\u00e4rm<img loading=\"lazy\"   alt=\"\"\/> <\/p>\n<p>Foto: Expressen<\/p>\n<p>\u00d6ppna bild i helsk\u00e4rm<img loading=\"lazy\"   alt=\"\"\/> <\/p>\n<p>Foto: Expressen<\/p>\n<p>\u00d6ppna bild i helsk\u00e4rm<img loading=\"lazy\"   alt=\"\"\/> <\/p>\n<p>Foto: Expressen<\/p>\n<p>\u00d6ppna bild i helsk\u00e4rm<\/p>\n<p>Det har bara hunnit g\u00e5 fyra dygn sedan tragedin lamslog Norge. Den 27-\u00e5rige skidskytten Sivert Guttorm Bakken hittades d\u00f6d p\u00e5 sitt hotellrum i italienska Lavaz\u00e8 d\u00e4r han var p\u00e5 h\u00f6gh\u00f6jdsl\u00e4ger.\u00a0<\/p>\n<p>F\u00f6rutom ett antal skidskyttar fanns det \u00e4ven tre stycken l\u00e4ngd\u00e5kare som bodde p\u00e5 hotellet samtidigt som Bakken. Martin L\u00f6wstr\u00f6m Nyenget, Einar Hedegart och Karoline Simpson-Larsen.\u00a0<\/p>\n<p>Den sistn\u00e4mnde \u00e4r nu p\u00e5 plats i Toblach f\u00f6r att t\u00e4vla p\u00e5 Tour de ski, trots att hon \u00e4r sv\u00e5rt pr\u00e4glad av sorg.\u00a0<\/p>\n<p>\u2013 Julen har varit v\u00e4ldigt tuff, s\u00e4ger hon med t\u00e5rar i \u00f6gonen utanf\u00f6r Norges vallatrailer.\u00a0<\/p>\n<p>\u2013 Lilljulafton var en v\u00e4ldigt tung dag.\u00a0<\/p>\n<p>Ska pr\u00f6va att t\u00e4vla \u2013 trots sorgen<\/p>\n<p>Simpson-Larsen \u00e4r tillsammans med skidskytten Johan-Olav Botn som ocks\u00e5 var p\u00e5 plats i Lavazee.\u00a0<\/p>\n<p>\u2013 Han har betytt massor och jag har funnits d\u00e4r f\u00f6r honom med. Det betyder mycket att ha varandra i en s\u00e5n h\u00e4r situation.\u00a0<\/p>\n<p>28-\u00e5ringen har \u00e4ven f\u00e5tt mycket st\u00f6d fr\u00e5n det norska skidskyttef\u00f6rbundet och hon hyllar dem f\u00f6r hur de agerat efter det tragiska d\u00f6dsfallet.<\/p>\n<p>Hon ber\u00e4ttar att hon funderade p\u00e5 att st\u00e4lla in sin medverkan p\u00e5 Tour de ski efter Bakkens d\u00f6d, men \u00e4r nu p\u00e5 plats.\u00a0<\/p>\n<p>\u2013 Det handlar v\u00e4l egentligen om att f\u00f6rs\u00f6ka komma tillbaka till normalitet s\u00e5 fort som m\u00f6jligt och vara p\u00e5 en plats d\u00e4r man trivs och har kul med andra, s\u00e4ger hon.\u00a0<\/p>\n<p>\u2013 Tankarna om att t\u00e4vla h\u00e4r har varit fram och tillbaka, men jag tog ett tidigt beslut om att pr\u00f6va. Jag \u00e4r lite sp\u00e4nd p\u00e5 att se hur p\u00e5 plats jag \u00e4r rent psykiskt n\u00e4r det kommer till t\u00e4vling.\u00a0<\/p>\n<p>Nya uppgifterna om Bakkens h\u00f6gh\u00f6jdsmask<\/p>\n<p>Bakken hittades d\u00f6d p\u00e5 1 800 meters h\u00f6jd i sitt hotellrum. P\u00e5 sig hade han en h\u00f6gh\u00f6jdsmask. Enligt uppgifter till VG var den inst\u00e4lld p\u00e5 7 000 meter \u00f6ver havet, n\u00e5got som skulle inneb\u00e4ra att luften han andades inneh\u00f6ll v\u00e4ldigt lite syre. Det \u00e4r dock varken klarlagt hur skidskytten avlidit eller hur h\u00f6gh\u00f6jdsmasken var inst\u00e4lld.\u00a0<\/p>\n<p>Denna har nu tagits i beslag av italiensk polis och ska unders\u00f6kas under de kommande dagarna. En obduktion genomf\u00f6rs under helgen och resultatet v\u00e4ntas vara klart i b\u00f6rjan av n\u00e4sta vecka.<\/p>\n<p>Till f\u00f6ljd av d\u00f6dsfallet avr\u00e5der nu Norges olympiska kommitt\u00e9 fr\u00e5n anv\u00e4ndning av h\u00f6gh\u00f6jdsmasker.<\/p>\n","protected":false},"excerpt":{"rendered":"Publicerad 27 dec 2025 kl 11.16Uppdaterad kl 11.33 Den norska l\u00e4ngd\u00e5karen Karoline Simpson-Larsen var p\u00e5 plats i Lavaz\u00e8&hellip;\n","protected":false},"author":2,"featured_media":118298,"comment_status":"","ping_status":"","sticky":false,"template":"","format":"standard","meta":{"footnotes":""},"categories":[5],"tags":[22,23,26,27,17,21,24,25,28,29,15,16,18,34,857,31,33,32,30,19,20],"class_list":{"0":"post-118297","1":"post","2":"type-post","3":"status-publish","4":"format-standard","5":"has-post-thumbnail","7":"category-rubriker","8":"tag-breaking-news","9":"tag-breakingnews","10":"tag-featured-news","11":"tag-featurednews","12":"tag-headlines","13":"tag-huvudnyheter","14":"tag-latest-news","15":"tag-latestnews","16":"tag-main-news","17":"tag-mainnews","18":"tag-news","19":"tag-nyheter","20":"tag-rubriker","21":"tag-se","22":"tag-sections-langdskidor","23":"tag-svenska","24":"tag-sverige","25":"tag-sweden","26":"tag-swedish","27":"tag-top-stories","28":"tag-topstories"},"share_on_mastodon":{"url":"https:\/\/pubeurope.com\/@se\/115791090353339808","error":""},"_links":{"self":[{"href":"https:\/\/www.europesays.com\/se\/wp-json\/wp\/v2\/posts\/118297","targetHints":{"allow":["GET"]}}],"collection":[{"href":"https:\/\/www.europesays.com\/se\/wp-json\/wp\/v2\/posts"}],"about":[{"href":"https:\/\/www.europesays.com\/se\/wp-json\/wp\/v2\/types\/post"}],"author":[{"embeddable":true,"href":"https:\/\/www.europesays.com\/se\/wp-json\/wp\/v2\/users\/2"}],"replies":[{"embeddable":true,"href":"https:\/\/www.europesays.com\/se\/wp-json\/wp\/v2\/comments?post=118297"}],"version-history":[{"count":0,"href":"https:\/\/www.europesays.com\/se\/wp-json\/wp\/v2\/posts\/118297\/revisions"}],"wp:featuredmedia":[{"embeddable":true,"href":"https:\/\/www.europesays.com\/se\/wp-json\/wp\/v2\/media\/118298"}],"wp:attachment":[{"href":"https:\/\/www.europesays.com\/se\/wp-json\/wp\/v2\/media?parent=118297"}],"wp:term":[{"taxonomy":"category","embeddable":true,"href":"https:\/\/www.europesays.com\/se\/wp-json\/wp\/v2\/categories?post=118297"},{"taxonomy":"post_tag","embeddable":true,"href":"https:\/\/www.europesays.com\/se\/wp-json\/wp\/v2\/tags?post=118297"}],"curies":[{"name":"wp","href":"https:\/\/api.w.org\/{rel}","templated":true}]}}