{"id":118299,"date":"2025-12-27T10:37:28","date_gmt":"2025-12-27T10:37:28","guid":{"rendered":"https:\/\/www.europesays.com\/se\/118299\/"},"modified":"2025-12-27T10:37:28","modified_gmt":"2025-12-27T10:37:28","slug":"bildextra-bandyfeber-aven-pa-hemmaplan-soderhamns-kuriren","status":"publish","type":"post","link":"https:\/\/www.europesays.com\/se\/118299\/","title":{"rendered":"BILDEXTRA: Bandyfeber \u00e4ven p\u00e5 hemmaplan &#8211; S\u00f6derhamns-Kuriren"},"content":{"rendered":"<ol>\n<li><a href=\"https:\/\/news.google.com\/rss\/articles\/CBMifkFVX3lxTE1Jb09TSGs4V1RGVFBDNWYzNWd0enV5bzhfLTl1QTNkVnJZemEzeDBvUlpCcE5XSmczWElRUW1yZ1F1ajA0RjV2dVNzN0FOU0cwSzVNQTQ1Q2lINTNnZlY4MlktSUR6d1JtNEtXanlZTnRNYnFnX3hsekN6TG5ldw?oc=5\" target=\"_blank\" rel=\"nofollow noopener\">BILDEXTRA: Bandyfeber \u00e4ven p\u00e5 hemmaplan<\/a>&nbsp;&nbsp;S\u00f6derhamns-Kuriren<\/li>\n<li><a href=\"https:\/\/news.google.com\/rss\/articles\/CBMikwFBVV95cUxQNlB4aXBXLVR1eWwtZGVRS2lTYTc2TVd0VVJtN3lselpKdDNhRmwxWDVrYTl4UV9OalRWa0ExQ2FrSDdTS3FHVWZuWWZvYzhjamdTM2kzQmtkMm41aGNsSC1SUEhLczVNYnhIUF9Kd25mVnFzWUpDeHNGd0V3Tm5LVnliX3Y1LWZYX1pISmZ2NDZGZVU?oc=5\" target=\"_blank\" rel=\"nofollow noopener\">S\u00f6derbergs hattrick spr\u00e4ckte tunga sviten: \u201dBlev skillnad\u201d<\/a>&nbsp;&nbsp;Bandypuls<\/li>\n<li><a href=\"https:\/\/news.google.com\/rss\/articles\/CBMib0FVX3lxTE5ZbnFDNjZESldFUFZGdTh6M3dwdGRHVl9KWTBSeHJsWmlvU2N1S1puZEd6a29DMG1QcGdKeXNsOWhhaTVtaW50NkpJYWZENVBWQm5Kb1JMa01hdFR5aWhKcGh5MTZRcXQxLU1FM0FUWQ?oc=5\" target=\"_blank\" rel=\"nofollow noopener\">BILDEXTRA: Bandyfeber p\u00e5 annandagen<\/a>&nbsp;&nbsp;Arbetarbladet<\/li>\n<li><a href=\"https:\/\/news.google.com\/rss\/articles\/CBMizgFBVV95cUxQZjV4ZHlvRUtFLW5Qbl9VZk1XVEphRWJEb253QzlwV2pxNDV0YWowb1lqTlBSVHZZNWhCaURFekRQQlRhRk9JelppclhmODVnMG5tLWdRTDgzY0wtbERaRW5fcGo2TlFCZ25hLUpYZ2czZGtNYUR1NHFMdUo5VnQwZ2h3Mm9LX3Rmd1FvY0JWWWlKU2ZMQTJ5MGhTRTIxYUFDUHg2aEpZSnpmYm9IaEFXYlJYVHRwMXpsVjMyMjNUS3FibjZ1N3NpWmVPcFFYZw?oc=5\" target=\"_blank\" rel=\"nofollow noopener\">Segerl\u00f6s svit br\u00f6ts n\u00e4r Brobergs IF vann mot Sandvikens AIK med 6\u20134<\/a>&nbsp;&nbsp;Hallands Nyheter<\/li>\n<li><a href=\"https:\/\/news.google.com\/rss\/articles\/CBMijwFBVV95cUxPbDBHQWtQUWJSaFNBbHZkR1g2bXBGRHlJOEFfTGhJLVI4MVVhMUFuenNkVTRYUklBN1V5a0hWYmp6emxNWW8xV29oZ3JGbi1qbXFTbHJSNWZDdElBMmJWMXFpdXFqSUdRWnVRR3NzYTR6MkVIc1RqbzIwWlVnaXExcFhWX1pTZ25OZzRzZ2Zuaw?oc=5\" target=\"_blank\" rel=\"nofollow noopener\">S\u00e5 bra var Broberg\u2013 h\u00e4r \u00e4r alla spelarbetygen<\/a>&nbsp;&nbsp;S\u00f6derhamns-Kuriren<\/li>\n<\/ol>\n","protected":false},"excerpt":{"rendered":"BILDEXTRA: Bandyfeber \u00e4ven p\u00e5 hemmaplan&nbsp;&nbsp;S\u00f6derhamns-Kuriren S\u00f6derbergs hattrick spr\u00e4ckte tunga sviten: \u201dBlev skillnad\u201d&nbsp;&nbsp;Bandypuls BILDEXTRA: Bandyfeber p\u00e5 annandagen&nbsp;&nbsp;Arbetarbladet Segerl\u00f6s svit&hellip;\n","protected":false},"author":2,"featured_media":118300,"comment_status":"","ping_status":"","sticky":false,"template":"","format":"standard","meta":{"footnotes":""},"categories":[68],"tags":[34,111,110,31,33,32,30],"class_list":{"0":"post-118299","1":"post","2":"type-post","3":"status-publish","4":"format-standard","5":"has-post-thumbnail","7":"category-sport","8":"tag-se","9":"tag-sport","10":"tag-sports","11":"tag-svenska","12":"tag-sverige","13":"tag-sweden","14":"tag-swedish"},"share_on_mastodon":{"url":"https:\/\/pubeurope.com\/@se\/115791098220898211","error":""},"_links":{"self":[{"href":"https:\/\/www.europesays.com\/se\/wp-json\/wp\/v2\/posts\/118299","targetHints":{"allow":["GET"]}}],"collection":[{"href":"https:\/\/www.europesays.com\/se\/wp-json\/wp\/v2\/posts"}],"about":[{"href":"https:\/\/www.europesays.com\/se\/wp-json\/wp\/v2\/types\/post"}],"author":[{"embeddable":true,"href":"https:\/\/www.europesays.com\/se\/wp-json\/wp\/v2\/users\/2"}],"replies":[{"embeddable":true,"href":"https:\/\/www.europesays.com\/se\/wp-json\/wp\/v2\/comments?post=118299"}],"version-history":[{"count":0,"href":"https:\/\/www.europesays.com\/se\/wp-json\/wp\/v2\/posts\/118299\/revisions"}],"wp:featuredmedia":[{"embeddable":true,"href":"https:\/\/www.europesays.com\/se\/wp-json\/wp\/v2\/media\/118300"}],"wp:attachment":[{"href":"https:\/\/www.europesays.com\/se\/wp-json\/wp\/v2\/media?parent=118299"}],"wp:term":[{"taxonomy":"category","embeddable":true,"href":"https:\/\/www.europesays.com\/se\/wp-json\/wp\/v2\/categories?post=118299"},{"taxonomy":"post_tag","embeddable":true,"href":"https:\/\/www.europesays.com\/se\/wp-json\/wp\/v2\/tags?post=118299"}],"curies":[{"name":"wp","href":"https:\/\/api.w.org\/{rel}","templated":true}]}}