{"id":118303,"date":"2025-12-27T10:42:31","date_gmt":"2025-12-27T10:42:31","guid":{"rendered":"https:\/\/www.europesays.com\/se\/118303\/"},"modified":"2025-12-27T10:42:31","modified_gmt":"2025-12-27T10:42:31","slug":"en-stillastaende-personbil-orsakar-ett-korfalt-blockerat-pa-e4-unt","status":"publish","type":"post","link":"https:\/\/www.europesays.com\/se\/118303\/","title":{"rendered":"En stillast\u00e5ende personbil orsakar ett k\u00f6rf\u00e4lt blockerat p\u00e5 E4 &#8211; UNT"},"content":{"rendered":"<ol>\n<li><a href=\"https:\/\/news.google.com\/rss\/articles\/CBMivAFBVV95cUxPbHpEUGJ2MlpicXdxazgtaHMyWWpxTDgyMUl6ODlDeHJvQi1pak9XSVFxSEhrZ3VBTHpPbWlsNHN6Mkk1MWVSRFlUOWFnM3haSkQwXzl0NW1sNFp5NUg1TUIwSHRfS1MyY1BnaU1odjBGNlhfRlBOTjRBeTR4Z2hsQ1FKcF9DdFFydW9pTTZyeHc2SFNMeE5vU1hXZmY0SWpqRUpuX0tRSEpOSVlwX3lDbjFubDNOS1k0Wm1kRg?oc=5\" target=\"_blank\" rel=\"nofollow noopener\">En stillast\u00e5ende personbil orsakar ett k\u00f6rf\u00e4lt blockerat p\u00e5 E4<\/a>&nbsp;&nbsp;UNT<\/li>\n<li><a href=\"https:\/\/news.google.com\/rss\/articles\/CBMi2AFBVV95cUxQN2p0VlJ4VEJ6XzdETGkwNTc4bUk5MTNQMzQ1VWNrbFBzZmVaSVBvcGx3NDNlTXBEQkxPRVRlcTJtQWpTcm52NE1tS2pJUnZ4MGtCNGhUMm43MHVHMi1MVHNMZW9XUGhqMmtXbkJQM3BITGd1cUxfc0hOWmwtYkt4ZnNidmNydG9obmI0Q3pyQmpnZ1NMVWdoMlE2YkxVTnhVZHItUFhBdmJ0SlVDY2VXRnZqSWFmRnJJY29oNW5aUW5NeHFKRmxGQkQ1ejB4SEJCSWQ5b1lzVFk?oc=5\" target=\"_blank\" rel=\"nofollow noopener\">Just nu: Stillast\u00e5ende flera stillast\u00e5ende fordon skapar problem i trafiken p\u00e5 E4<\/a>&nbsp;&nbsp;NT<\/li>\n<li><a href=\"https:\/\/news.google.com\/rss\/articles\/CBMitwFBVV95cUxOOFhEdHZaenA1NjVBZERhRHUyaThnUkhlU1pwZzJhcEtZREh4bXIwSzVfcHJsTVFhd3BqOGF0WnRNd1hiekJYMEhmWWhSTzFGa1NCUnBlQmZaWWhLOWZyYTBDcEcweEFZaTYyaTJncTZqNTJZNHBLd051UVdJSnh3dlJsbl9rS19yVFp1VGNmNXFDTHoxUTg5QjlmV3J3M2tFc05VMFEzRGpicFFEQnVjQWtqcGlGX2M?oc=5\" target=\"_blank\" rel=\"nofollow noopener\">Ett k\u00f6rf\u00e4lt blockerat p\u00e5 grund av stillast\u00e5ende lastbil p\u00e5 E4<\/a>&nbsp;&nbsp;Pite\u00e5-tidningen<\/li>\n<li><a href=\"https:\/\/news.google.com\/rss\/articles\/CBMijwFBVV95cUxQUmFGT3VUWmF6UDRFd1JDdHY2WDdNQTdmRmlVdDJsVkNXTjl1OVBudVp2eC1Dd2FPMi1mdHRxTFR1aTQyVi12d0hXSHlWUTA5Wms5ZlJDbS03UzVOODVDR0FyZEZDNl8xS1JzeF9DdHM5NEFPV09JVDgyRGZoTmxZQlByYXBkR0NhZkVvQ0ZxRQ?oc=5\" target=\"_blank\" rel=\"nofollow noopener\">Stopp p\u00e5 E4 efter singelolycka<\/a>&nbsp;&nbsp;NSD<\/li>\n<li><a href=\"https:\/\/news.google.com\/rss\/articles\/CBMitAFBVV95cUxNM1NEdExRUmpRbDBya05UNldoMU9OTVBTMlEtR0lWekVzSHB2ei05cmY4WjFITFFaVlR6N1pKVy1FcWs5MmpwSWJhVTNsZTVhWHoxSjltNTllWktONjBwSktGUnRQUEdVZDRSSVBzRzlHNjc2SmQ0QWVSVFVDcExZZHR0YVpyXzNpUkd3QS1zdjFzbWVNNWhUa3JIWHFTbnAxM3JHTGExWnp0RkpOVUNKbnZPREw?oc=5\" target=\"_blank\" rel=\"nofollow noopener\">St\u00f6rning i trafiken p\u00e5 grund av trasig personbil p\u00e5 E4<\/a>&nbsp;&nbsp;Kuriren<\/li>\n<\/ol>\n","protected":false},"excerpt":{"rendered":"En stillast\u00e5ende personbil orsakar ett k\u00f6rf\u00e4lt blockerat p\u00e5 E4&nbsp;&nbsp;UNT Just nu: Stillast\u00e5ende flera stillast\u00e5ende fordon skapar problem i&hellip;\n","protected":false},"author":2,"featured_media":118304,"comment_status":"","ping_status":"","sticky":false,"template":"","format":"standard","meta":{"footnotes":""},"categories":[12],"tags":[22,23,26,27,17,21,24,25,28,29,15,16,18,34,31,33,32,30,19,20],"class_list":{"0":"post-118303","1":"post","2":"type-post","3":"status-publish","4":"format-standard","5":"has-post-thumbnail","7":"category-sverige","8":"tag-breaking-news","9":"tag-breakingnews","10":"tag-featured-news","11":"tag-featurednews","12":"tag-headlines","13":"tag-huvudnyheter","14":"tag-latest-news","15":"tag-latestnews","16":"tag-main-news","17":"tag-mainnews","18":"tag-news","19":"tag-nyheter","20":"tag-rubriker","21":"tag-se","22":"tag-svenska","23":"tag-sverige","24":"tag-sweden","25":"tag-swedish","26":"tag-top-stories","27":"tag-topstories"},"share_on_mastodon":{"url":"https:\/\/pubeurope.com\/@se\/115791118058816848","error":""},"_links":{"self":[{"href":"https:\/\/www.europesays.com\/se\/wp-json\/wp\/v2\/posts\/118303","targetHints":{"allow":["GET"]}}],"collection":[{"href":"https:\/\/www.europesays.com\/se\/wp-json\/wp\/v2\/posts"}],"about":[{"href":"https:\/\/www.europesays.com\/se\/wp-json\/wp\/v2\/types\/post"}],"author":[{"embeddable":true,"href":"https:\/\/www.europesays.com\/se\/wp-json\/wp\/v2\/users\/2"}],"replies":[{"embeddable":true,"href":"https:\/\/www.europesays.com\/se\/wp-json\/wp\/v2\/comments?post=118303"}],"version-history":[{"count":0,"href":"https:\/\/www.europesays.com\/se\/wp-json\/wp\/v2\/posts\/118303\/revisions"}],"wp:featuredmedia":[{"embeddable":true,"href":"https:\/\/www.europesays.com\/se\/wp-json\/wp\/v2\/media\/118304"}],"wp:attachment":[{"href":"https:\/\/www.europesays.com\/se\/wp-json\/wp\/v2\/media?parent=118303"}],"wp:term":[{"taxonomy":"category","embeddable":true,"href":"https:\/\/www.europesays.com\/se\/wp-json\/wp\/v2\/categories?post=118303"},{"taxonomy":"post_tag","embeddable":true,"href":"https:\/\/www.europesays.com\/se\/wp-json\/wp\/v2\/tags?post=118303"}],"curies":[{"name":"wp","href":"https:\/\/api.w.org\/{rel}","templated":true}]}}