{"id":118305,"date":"2025-12-27T10:43:16","date_gmt":"2025-12-27T10:43:16","guid":{"rendered":"https:\/\/www.europesays.com\/se\/118305\/"},"modified":"2025-12-27T10:43:16","modified_gmt":"2025-12-27T10:43:16","slug":"polisinsatsen-i-ronninge-har-fortsatt-under-natten","status":"publish","type":"post","link":"https:\/\/www.europesays.com\/se\/118305\/","title":{"rendered":"Polisinsatsen i R\u00f6nninge har fortsatt under natten"},"content":{"rendered":"<p>Publicerad 27 dec 2025 kl 07.10Uppdaterad kl 11.41<\/p>\n<p>Polisinsatsen i R\u00f6nninge forts\u00e4tter under l\u00f6rdagen.<\/p>\n<p>Polisen s\u00f6ker efter en kvinna i 25-\u00e5rs\u00e5ldern.<\/p>\n<p>En jour\u00e5klagare \u00e4r inkopplad i utredningen, enligt \u00e5klagarmyndigheten.\u00a0<\/p>\n<p>\u2013 Vet man n\u00e5got som kan hj\u00e4lpa oss att hitta personen s\u00e5 vill vi att man h\u00f6r av sig, s\u00e4ger Carina Skagerlind, polisens presstalesperson.<\/p>\n<p>Senaste nyhetsklippen fr\u00e5n Expressen.<img   alt=\"\"\/><\/p>\n<p>Polisen har satt upp avsp\u00e4rrningar i delar av R\u00f6nninge.<\/p>\n<p>Foto: Nils Petter Nilsson\/TT \/ TT NYHETSBYR\u00c5N \/ Nils Petter Nilsson<\/p>\n<p>\u00d6ppna bild i helsk\u00e4rm<img loading=\"lazy\"   alt=\"\"\/><\/p>\n<p>Polis s\u00f6ker med hund.<\/p>\n<p>Foto: Nils Petter Nilsson\/TT \/ TT NYHETSBYR\u00c5N \/ Nils Petter Nilsson<\/p>\n<p>\u00d6ppna bild i helsk\u00e4rm<img loading=\"lazy\"   alt=\"\"\/><\/p>\n<p>Polis s\u00f6ker med hund.<\/p>\n<p>Foto: Nils Petter Nilsson\/TT \/ TT NYHETSBYR\u00c5N \/ Nils Petter Nilsson<\/p>\n<p>\u00d6ppna bild i helsk\u00e4rm<\/p>\n<p>Det p\u00e5g\u00e5r en st\u00f6rre polisinsats i R\u00f6nninge i <a href=\"https:\/\/www.expressen.se\/tagg\/location\/salem\/\" class=\"\" rel=\"nofollow noopener\" target=\"_blank\">Salems<\/a> kommun sedan eftermiddagen p\u00e5 annandagen. Polisen har haft flera resurser p\u00e5 plats, bland annat hundpatruller, helikopter och kriminaltekniker. I n\u00e4rheten av centrum har polisen tidigare satt upp avsp\u00e4rrningar.\u00a0<\/p>\n<p>Boende i omr\u00e5det vittnar om att en helikopter r\u00f6rt sig \u00f6ver omr\u00e5det en l\u00e4ngre tid.\u00a0<\/p>\n<p>Polisen meddelar p\u00e5 l\u00f6rdagsf\u00f6rmiddagen att en kvinna i 25-\u00e5rs\u00e5ldern saknas. D\u00e5 hade hon fortfarande inte hittats och s\u00f6kandet forts\u00e4tter med flera resurser, bland annat skallg\u00e5ngskedjor, enligt polisen.<\/p>\n<p>\u2013 Vi har s\u00f6kt efter den f\u00f6rsvunna personen hela eftermiddagen i g\u00e5r, under kv\u00e4llen och natten och vi forts\u00e4tter att leta. Vi har ocks\u00e5 inlett vad polisen kallar r\u00e4ddningstj\u00e4nst, d\u00e5 tar vi hj\u00e4lp \u00f6vriga delar av samh\u00e4llet i s\u00f6kandet, till exempel frivilligorganisationer. D\u00e5 s\u00f6ker man av vissa omr\u00e5den mer systematiskt, \u00e4ven om vi redan har gjort ett omfattande s\u00f6k, s\u00e4ger Carina Skagerlind.\u00a0<\/p>\n<p>Efterlyser tips\u00a0<\/p>\n<p>Polisen har varit f\u00f6rtegen om h\u00e4ndelsen och ber\u00e4ttade f\u00f6rst p\u00e5 l\u00f6rdagen att en ung kvinna var f\u00f6rsvunnen.<\/p>\n<p>\u2013 Vid varje f\u00f6rsvinnande g\u00f6rs ett antal avv\u00e4gningar om f\u00f6rsvinnandet och personen som \u00e4r f\u00f6rsvunnen. Det kan handla om att man inte vill uts\u00e4tta en person f\u00f6r fara, men ocks\u00e5 att man vill skydda f\u00f6runders\u00f6kningen, s\u00e4ger Carina Skagerlind.\u00a0<\/p>\n<p>Polisen efterlyser ocks\u00e5 tips fr\u00e5n allm\u00e4nheten.\u00a0<\/p>\n<p>\u2013 Vi hoppas hitta den h\u00e4r kvinnan s\u00e5 snart som m\u00f6jligt. Vi har redan f\u00e5tt en del tips fr\u00e5n allm\u00e4nheten, men har man n\u00e5got som kan hj\u00e4lpa oss att hitta personen s\u00e5 vill vi att man h\u00f6r av sig.<\/p>\n<p>Dock har man inte g\u00e5tt ut med signalement.\u00a0<\/p>\n<p>\u2013 Det \u00e4r av samma sk\u00e4l som jag precis angav. Bed\u00f6mningar av utredningsledaren i \u00e4rendet. Min bild \u00e4r att vi f\u00e5r mycket tips och att Salemborna \u00e4r mycket vakna och pigga, och att detaljer om signalementet inte skulle f\u00f6r\u00e4ndra det l\u00e4get, s\u00e4ger Carina Skagerlind.<\/p>\n<p><strong>Misst\u00e4nker ni n\u00e5got brott?\u00a0<\/strong><\/p>\n<p>\u2013 Vi kan ju inte utesluta brott, men nu letar vi efter en f\u00f6rsvunnen person och det \u00e4r det \u00e4rendet g\u00e4ller.<\/p>\n<p>Enligt polisen ska det inte vara n\u00e5gon fara f\u00f6r allm\u00e4nheten.<\/p>\n<p>Jour\u00e5klagare inkopplad<\/p>\n<p>Enligt \u00e5klagarmyndigheten \u00e4r en jour\u00e5klagare inkopplad i insatsen. Den personen kan dock inte s\u00e4ga n\u00e5got alls i nul\u00e4get.<\/p>\n<p>En jour\u00e5klagare kan generellt kopplas in vid flera scenarier.\u00a0<\/p>\n<p>\u2013 Man kan vara inkopplad f\u00f6r k\u00e4nnedom, fast man sj\u00e4lv inte \u00e4r f\u00f6runders\u00f6kningsledare. F\u00f6r om det skulle bli fr\u00e5ga om n\u00e5gon typ av frihetsber\u00f6vande, s\u00e5 \u00e4r det bra om man \u00e4r insatt i \u00e4rendet. Ett annat l\u00e4ge \u00e4r om det finns en konkret misstanke mot en eller flera personer och att det \u00e4r en \u00e5klagare som leder en f\u00f6runders\u00f6kning med brottsmisstankar, s\u00e4ger Karin Rosander, kommunikationsdirekt\u00f6r p\u00e5 \u00e5klagarmyndigheten.<\/p>\n<p><strong>Vad handlar det om i det h\u00e4r fallet?\u00a0<\/strong><\/p>\n<p>\u2013 Det k\u00e4nner jag inte till.<\/p>\n<p><strong>Men man misst\u00e4nker n\u00e5gon form av brott n\u00e4r en jour\u00e5klagare kopplas in?\u00a0<\/strong><\/p>\n<p>\u2013 Ja, precis.<\/p>\n<p><img alt=\"\"\/>Ljudklippet gick inte att spela upp<\/p>\n<p>F\u00f6rs\u00f6k igen senare<\/p>\n","protected":false},"excerpt":{"rendered":"Publicerad 27 dec 2025 kl 07.10Uppdaterad kl 11.41 Polisinsatsen i R\u00f6nninge forts\u00e4tter under l\u00f6rdagen. Polisen s\u00f6ker efter en&hellip;\n","protected":false},"author":2,"featured_media":118306,"comment_status":"","ping_status":"","sticky":false,"template":"","format":"standard","meta":{"footnotes":""},"categories":[5],"tags":[22,23,26,27,17,21,24,25,12658,11553,12657,28,29,15,16,18,34,154,31,33,32,30,19,3585,710,20],"class_list":{"0":"post-118305","1":"post","2":"type-post","3":"status-publish","4":"format-standard","5":"has-post-thumbnail","7":"category-rubriker","8":"tag-breaking-news","9":"tag-breakingnews","10":"tag-featured-news","11":"tag-featurednews","12":"tag-headlines","13":"tag-huvudnyheter","14":"tag-latest-news","15":"tag-latestnews","16":"tag-location-ronninge","17":"tag-location-salem","18":"tag-location-salem-kommun","19":"tag-main-news","20":"tag-mainnews","21":"tag-news","22":"tag-nyheter","23":"tag-rubriker","24":"tag-se","25":"tag-sections-sverige","26":"tag-svenska","27":"tag-sverige","28":"tag-sweden","29":"tag-swedish","30":"tag-top-stories","31":"tag-topic-forsvunna-personer","32":"tag-topic-raddningstjanst-raddningsinsats","33":"tag-topstories"},"share_on_mastodon":{"url":"https:\/\/pubeurope.com\/@se\/115791121859361142","error":""},"_links":{"self":[{"href":"https:\/\/www.europesays.com\/se\/wp-json\/wp\/v2\/posts\/118305","targetHints":{"allow":["GET"]}}],"collection":[{"href":"https:\/\/www.europesays.com\/se\/wp-json\/wp\/v2\/posts"}],"about":[{"href":"https:\/\/www.europesays.com\/se\/wp-json\/wp\/v2\/types\/post"}],"author":[{"embeddable":true,"href":"https:\/\/www.europesays.com\/se\/wp-json\/wp\/v2\/users\/2"}],"replies":[{"embeddable":true,"href":"https:\/\/www.europesays.com\/se\/wp-json\/wp\/v2\/comments?post=118305"}],"version-history":[{"count":0,"href":"https:\/\/www.europesays.com\/se\/wp-json\/wp\/v2\/posts\/118305\/revisions"}],"wp:featuredmedia":[{"embeddable":true,"href":"https:\/\/www.europesays.com\/se\/wp-json\/wp\/v2\/media\/118306"}],"wp:attachment":[{"href":"https:\/\/www.europesays.com\/se\/wp-json\/wp\/v2\/media?parent=118305"}],"wp:term":[{"taxonomy":"category","embeddable":true,"href":"https:\/\/www.europesays.com\/se\/wp-json\/wp\/v2\/categories?post=118305"},{"taxonomy":"post_tag","embeddable":true,"href":"https:\/\/www.europesays.com\/se\/wp-json\/wp\/v2\/tags?post=118305"}],"curies":[{"name":"wp","href":"https:\/\/api.w.org\/{rel}","templated":true}]}}