{"id":118307,"date":"2025-12-27T10:45:21","date_gmt":"2025-12-27T10:45:21","guid":{"rendered":"https:\/\/www.europesays.com\/se\/118307\/"},"modified":"2025-12-27T10:45:21","modified_gmt":"2025-12-27T10:45:21","slug":"vsk-fotboll-starker-truppen-tva-nyforvarv-klara-2","status":"publish","type":"post","link":"https:\/\/www.europesays.com\/se\/118307\/","title":{"rendered":"VSK Fotboll st\u00e4rker truppen \u2013 tv\u00e5 nyf\u00f6rv\u00e4rv klara"},"content":{"rendered":"\n<p>VSK Fotboll forts\u00e4tter att bygga inf\u00f6r kommande s\u00e4song och kan nu presentera tv\u00e5 sp\u00e4nnande nyf\u00f6rv\u00e4rv. Det handlar om en offensiva f\u00f6rst\u00e4rkning samt en ung och lovande m\u00e5lvakt \u2013 b\u00e5da med erfarenhet fr\u00e5n elitmilj\u00f6er.<\/p>\n<p>Nathalie Brorson \u00e5terv\u00e4nder till VSK<\/p>\n<p>Nathalie Brorson \u00e4r klar f\u00f6r en \u00e5terkomst till VSK Fotboll. Nathalie v\u00e4rvas in fr\u00e5n \u00d6rebro SK d\u00e4r hon under \u00e5rets s\u00e4song spelade 21 matcher. F\u00f6dd 2007, men redan med v\u00e4rdefull erfarenhet, \u00e5terv\u00e4nder hon nu till V\u00e4ster\u00e5s efter att ha representerat VSK under s\u00e4songerna 2023 och 2024.<\/p>\n<p>Nathalie \u00e4r fostrad i Gideonsbergs IF och har \u00e4ven landslagsmeriter p\u00e5 sitt CV. Hon har representerat b\u00e5de U17- och U19-landslaget, med sin senaste landskamp s\u00e5 sent som i februari. <\/p>\n<p>Ung m\u00e5lvaktstalang ansluter<\/p>\n<p>Det andra nyf\u00f6rv\u00e4rvet \u00e4r m\u00e5lvakten Stina Krakowski, f\u00f6dd 2008, som ansluter fr\u00e5n KIF \u00d6rebro. Stina har under f\u00f6reg\u00e5ende s\u00e4song varit f\u00f6rstam\u00e5lvakt i KIF \u00d6rebros F19-lag och t\u00e4vlat i F19 Allsvenskan.<\/p>\n<p>Trots sin unga \u00e5lder har Stina redan tv\u00e5 raka s\u00e4songer i F19 Allsvenskan bakom sig, vi ser stor potential hos Stina och ser fram emot hennes utveckling hos oss.<\/p>\n","protected":false},"excerpt":{"rendered":"VSK Fotboll forts\u00e4tter att bygga inf\u00f6r kommande s\u00e4song och kan nu presentera tv\u00e5 sp\u00e4nnande nyf\u00f6rv\u00e4rv. Det handlar om&hellip;\n","protected":false},"author":2,"featured_media":118292,"comment_status":"","ping_status":"","sticky":false,"template":"","format":"standard","meta":{"footnotes":""},"categories":[68],"tags":[34,111,110,31,33,32,30],"class_list":{"0":"post-118307","1":"post","2":"type-post","3":"status-publish","4":"format-standard","5":"has-post-thumbnail","7":"category-sport","8":"tag-se","9":"tag-sport","10":"tag-sports","11":"tag-svenska","12":"tag-sverige","13":"tag-sweden","14":"tag-swedish"},"share_on_mastodon":{"url":"https:\/\/pubeurope.com\/@se\/115791129679334767","error":""},"_links":{"self":[{"href":"https:\/\/www.europesays.com\/se\/wp-json\/wp\/v2\/posts\/118307","targetHints":{"allow":["GET"]}}],"collection":[{"href":"https:\/\/www.europesays.com\/se\/wp-json\/wp\/v2\/posts"}],"about":[{"href":"https:\/\/www.europesays.com\/se\/wp-json\/wp\/v2\/types\/post"}],"author":[{"embeddable":true,"href":"https:\/\/www.europesays.com\/se\/wp-json\/wp\/v2\/users\/2"}],"replies":[{"embeddable":true,"href":"https:\/\/www.europesays.com\/se\/wp-json\/wp\/v2\/comments?post=118307"}],"version-history":[{"count":0,"href":"https:\/\/www.europesays.com\/se\/wp-json\/wp\/v2\/posts\/118307\/revisions"}],"wp:featuredmedia":[{"embeddable":true,"href":"https:\/\/www.europesays.com\/se\/wp-json\/wp\/v2\/media\/118292"}],"wp:attachment":[{"href":"https:\/\/www.europesays.com\/se\/wp-json\/wp\/v2\/media?parent=118307"}],"wp:term":[{"taxonomy":"category","embeddable":true,"href":"https:\/\/www.europesays.com\/se\/wp-json\/wp\/v2\/categories?post=118307"},{"taxonomy":"post_tag","embeddable":true,"href":"https:\/\/www.europesays.com\/se\/wp-json\/wp\/v2\/tags?post=118307"}],"curies":[{"name":"wp","href":"https:\/\/api.w.org\/{rel}","templated":true}]}}