{"id":118308,"date":"2025-12-27T10:48:25","date_gmt":"2025-12-27T10:48:25","guid":{"rendered":"https:\/\/www.europesays.com\/se\/118308\/"},"modified":"2025-12-27T10:48:25","modified_gmt":"2025-12-27T10:48:25","slug":"da-staten-drog-pa-sig-de-stora-spenderbyxorna","status":"publish","type":"post","link":"https:\/\/www.europesays.com\/se\/118308\/","title":{"rendered":"D\u00e5 staten drog p\u00e5 sig de stora spenderbyxorna"},"content":{"rendered":"<p>80 miljarder kronor. S\u00e5 stort var det s\u00e5 kallade reformutrymmet n\u00e4r Tid\u00f6partierna la sin budgetproposition f\u00f6r 2026. \u201dNu ska det bli billigare att vara svensk\u201d, var k\u00e4rnan i budskapet fr\u00e5n finansminister Elisabeth Svantesson (M). <\/p>\n<p>Omni \u00e4r politiskt obundna och oberoende. Vi str\u00e4var efter att ge fler perspektiv p\u00e5 nyheterna. Har du fr\u00e5gor eller synpunkter kring v\u00e5r rapportering? <a href=\"https:\/\/omniekonomi.se\/da-staten-drog-pa-sig-de-stora-spenderbyxorna\/a\/mailto:eko@omni.se\" class=\"ArticleActions_contactLink__W2F1M\" rel=\"nofollow noopener\" target=\"_blank\">Kontakta redaktionen<\/a><\/p>\n","protected":false},"excerpt":{"rendered":"80 miljarder kronor. S\u00e5 stort var det s\u00e5 kallade reformutrymmet n\u00e4r Tid\u00f6partierna la sin budgetproposition f\u00f6r 2026. \u201dNu&hellip;\n","protected":false},"author":2,"featured_media":118309,"comment_status":"","ping_status":"","sticky":false,"template":"","format":"standard","meta":{"footnotes":""},"categories":[65],"tags":[12659,72,1983,70,71,805,2849,1107,12660,639,551,103,34,31,33,617,32,30,9618],"class_list":{"0":"post-118308","1":"post","2":"type-post","3":"status-publish","4":"format-standard","5":"has-post-thumbnail","7":"category-ekonomi","8":"tag-aret-som-gatt-2025","9":"tag-business","10":"tag-centerpartiet","11":"tag-economy","12":"tag-ekonomi","13":"tag-elisabeth-svantesson","14":"tag-klas-eklund","15":"tag-kristdemokraterna","16":"tag-lars-calmfors","17":"tag-liberalerna","18":"tag-moderaterna","19":"tag-premium","20":"tag-se","21":"tag-svenska","22":"tag-sverige","23":"tag-sverigedemokraterna","24":"tag-sweden","25":"tag-swedish","26":"tag-up-material"},"share_on_mastodon":{"url":"https:\/\/pubeurope.com\/@se\/115791141508883949","error":""},"_links":{"self":[{"href":"https:\/\/www.europesays.com\/se\/wp-json\/wp\/v2\/posts\/118308","targetHints":{"allow":["GET"]}}],"collection":[{"href":"https:\/\/www.europesays.com\/se\/wp-json\/wp\/v2\/posts"}],"about":[{"href":"https:\/\/www.europesays.com\/se\/wp-json\/wp\/v2\/types\/post"}],"author":[{"embeddable":true,"href":"https:\/\/www.europesays.com\/se\/wp-json\/wp\/v2\/users\/2"}],"replies":[{"embeddable":true,"href":"https:\/\/www.europesays.com\/se\/wp-json\/wp\/v2\/comments?post=118308"}],"version-history":[{"count":0,"href":"https:\/\/www.europesays.com\/se\/wp-json\/wp\/v2\/posts\/118308\/revisions"}],"wp:featuredmedia":[{"embeddable":true,"href":"https:\/\/www.europesays.com\/se\/wp-json\/wp\/v2\/media\/118309"}],"wp:attachment":[{"href":"https:\/\/www.europesays.com\/se\/wp-json\/wp\/v2\/media?parent=118308"}],"wp:term":[{"taxonomy":"category","embeddable":true,"href":"https:\/\/www.europesays.com\/se\/wp-json\/wp\/v2\/categories?post=118308"},{"taxonomy":"post_tag","embeddable":true,"href":"https:\/\/www.europesays.com\/se\/wp-json\/wp\/v2\/tags?post=118308"}],"curies":[{"name":"wp","href":"https:\/\/api.w.org\/{rel}","templated":true}]}}