{"id":118310,"date":"2025-12-27T10:49:08","date_gmt":"2025-12-27T10:49:08","guid":{"rendered":"https:\/\/www.europesays.com\/se\/118310\/"},"modified":"2025-12-27T10:49:08","modified_gmt":"2025-12-27T10:49:08","slug":"2025-ett-ar-med-sorgkant-i-dyrtid-och-krigstid","status":"publish","type":"post","link":"https:\/\/www.europesays.com\/se\/118310\/","title":{"rendered":"2025 \u2013 ett \u00e5r med sorgkant i dyrtid och krigstid"},"content":{"rendered":"<p>\t2025 \u2013 ett \u00e5r med sorgkant i dyrtid och krigstid &#8211; Aktuellt i Politiken<\/p>\n<p>Vi l\u00e4mnar det politiska \u00e5ret 2025.<br \/>Ett \u00e5r som chockstartade med skolskjutningen i \u00d6rebro och som v\u00e4ckte vissa f\u00f6rhoppningar med vapenvilan i Gaza i oktober.<br \/>2025 kom fortsatt att pr\u00e4glas av krigen och det f\u00f6rs\u00e4mrade s\u00e4kerhetsl\u00e4get, inrikespolitiskt av bristande framtidstro och tomma pl\u00e5nb\u00f6cker, partiledarskiften och partiernas positionerande inf\u00f6r val\u00e5ret.<\/p>\n<p>Vi anv\u00e4nder cookies, inklusive annan sp\u00e5rningsteknik fr\u00e5n tredjepartsutgivare f\u00f6r att ge dig en b\u00e4ttre l\u00e4supplevelse p\u00e5 v\u00e5r hemsida. F\u00f6r detta \u00e4ndam\u00e5l samlar vi in information om anv\u00e4ndare, surfm\u00f6nster och enheter. Genom att klicka p\u00e5 Till\u00e5t alla cookies godk\u00e4nner du detta, och samtycker till att vi delar den h\u00e4r informationen med tredje part. Om du vill kan du ist\u00e4llet v\u00e4lja att forts\u00e4tta med Endast n\u00f6dv\u00e4ndiga cookies.Till\u00e5t alla cookiesEndast n\u00f6dv\u00e4ndiga cookiesIntegritets\u00adpolicy<\/p>\n<p>Du kan \u00e5terkalla ditt samtycke n\u00e4r som helst genom att anv\u00e4nda knappen \u00e5terkalla samtycke.\u00c5terkalla samtycke\n\t\t\t<\/p>\n","protected":false},"excerpt":{"rendered":"2025 \u2013 ett \u00e5r med sorgkant i dyrtid och krigstid &#8211; Aktuellt i Politiken Vi l\u00e4mnar det politiska&hellip;\n","protected":false},"author":2,"featured_media":118311,"comment_status":"","ping_status":"","sticky":false,"template":"","format":"standard","meta":{"footnotes":""},"categories":[14],"tags":[22,23,26,27,17,21,24,25,28,29,15,16,18,34,31,33,32,30,19,20,51,52,53,54],"class_list":{"0":"post-118310","1":"post","2":"type-post","3":"status-publish","4":"format-standard","5":"has-post-thumbnail","7":"category-varlden","8":"tag-breaking-news","9":"tag-breakingnews","10":"tag-featured-news","11":"tag-featurednews","12":"tag-headlines","13":"tag-huvudnyheter","14":"tag-latest-news","15":"tag-latestnews","16":"tag-main-news","17":"tag-mainnews","18":"tag-news","19":"tag-nyheter","20":"tag-rubriker","21":"tag-se","22":"tag-svenska","23":"tag-sverige","24":"tag-sweden","25":"tag-swedish","26":"tag-top-stories","27":"tag-topstories","28":"tag-varlden","29":"tag-world","30":"tag-world-news","31":"tag-worldnews"},"share_on_mastodon":{"url":"https:\/\/pubeurope.com\/@se\/115791145381094583","error":""},"_links":{"self":[{"href":"https:\/\/www.europesays.com\/se\/wp-json\/wp\/v2\/posts\/118310","targetHints":{"allow":["GET"]}}],"collection":[{"href":"https:\/\/www.europesays.com\/se\/wp-json\/wp\/v2\/posts"}],"about":[{"href":"https:\/\/www.europesays.com\/se\/wp-json\/wp\/v2\/types\/post"}],"author":[{"embeddable":true,"href":"https:\/\/www.europesays.com\/se\/wp-json\/wp\/v2\/users\/2"}],"replies":[{"embeddable":true,"href":"https:\/\/www.europesays.com\/se\/wp-json\/wp\/v2\/comments?post=118310"}],"version-history":[{"count":0,"href":"https:\/\/www.europesays.com\/se\/wp-json\/wp\/v2\/posts\/118310\/revisions"}],"wp:featuredmedia":[{"embeddable":true,"href":"https:\/\/www.europesays.com\/se\/wp-json\/wp\/v2\/media\/118311"}],"wp:attachment":[{"href":"https:\/\/www.europesays.com\/se\/wp-json\/wp\/v2\/media?parent=118310"}],"wp:term":[{"taxonomy":"category","embeddable":true,"href":"https:\/\/www.europesays.com\/se\/wp-json\/wp\/v2\/categories?post=118310"},{"taxonomy":"post_tag","embeddable":true,"href":"https:\/\/www.europesays.com\/se\/wp-json\/wp\/v2\/tags?post=118310"}],"curies":[{"name":"wp","href":"https:\/\/api.w.org\/{rel}","templated":true}]}}