{"id":118316,"date":"2025-12-27T10:54:09","date_gmt":"2025-12-27T10:54:09","guid":{"rendered":"https:\/\/www.europesays.com\/se\/118316\/"},"modified":"2025-12-27T10:54:09","modified_gmt":"2025-12-27T10:54:09","slug":"19-ariga-medaljoren-far-stipendium-i-voltige","status":"publish","type":"post","link":"https:\/\/www.europesays.com\/se\/118316\/","title":{"rendered":"19-\u00e5riga medalj\u00f6ren f\u00e5r stipendium i voltige"},"content":{"rendered":"<p>Hon \u00e4r bara 19 \u2013 trots det har Nora Sandberg M\u00fcller redan hunnit \u00e4gna sig \u00e5t voltige i n\u00e4stan ett och ett halvt decennium. Sporten, d\u00e4r ut\u00f6varen utf\u00f6r akrobatik p\u00e5 ryggen till en h\u00e4st som galopperar runt i en cirkel, kostar mycket att h\u00e5lla p\u00e5 med \u2013 och det finns f\u00e5 stipendier att s\u00f6ka, enligt Nora.\u00a0\u2013Jag har h\u00e5llit p\u00e5 sedan jag var fem och det h\u00e4r \u00e4r f\u00f6rsta g\u00e5ngen jag<\/p>\n","protected":false},"excerpt":{"rendered":"Hon \u00e4r bara 19 \u2013 trots det har Nora Sandberg M\u00fcller redan hunnit \u00e4gna sig \u00e5t voltige i&hellip;\n","protected":false},"author":2,"featured_media":118317,"comment_status":"","ping_status":"","sticky":false,"template":"","format":"standard","meta":{"footnotes":""},"categories":[68],"tags":[34,111,110,31,33,32,30],"class_list":{"0":"post-118316","1":"post","2":"type-post","3":"status-publish","4":"format-standard","5":"has-post-thumbnail","7":"category-sport","8":"tag-se","9":"tag-sport","10":"tag-sports","11":"tag-svenska","12":"tag-sverige","13":"tag-sweden","14":"tag-swedish"},"share_on_mastodon":{"url":"https:\/\/pubeurope.com\/@se\/115791165165957328","error":""},"_links":{"self":[{"href":"https:\/\/www.europesays.com\/se\/wp-json\/wp\/v2\/posts\/118316","targetHints":{"allow":["GET"]}}],"collection":[{"href":"https:\/\/www.europesays.com\/se\/wp-json\/wp\/v2\/posts"}],"about":[{"href":"https:\/\/www.europesays.com\/se\/wp-json\/wp\/v2\/types\/post"}],"author":[{"embeddable":true,"href":"https:\/\/www.europesays.com\/se\/wp-json\/wp\/v2\/users\/2"}],"replies":[{"embeddable":true,"href":"https:\/\/www.europesays.com\/se\/wp-json\/wp\/v2\/comments?post=118316"}],"version-history":[{"count":0,"href":"https:\/\/www.europesays.com\/se\/wp-json\/wp\/v2\/posts\/118316\/revisions"}],"wp:featuredmedia":[{"embeddable":true,"href":"https:\/\/www.europesays.com\/se\/wp-json\/wp\/v2\/media\/118317"}],"wp:attachment":[{"href":"https:\/\/www.europesays.com\/se\/wp-json\/wp\/v2\/media?parent=118316"}],"wp:term":[{"taxonomy":"category","embeddable":true,"href":"https:\/\/www.europesays.com\/se\/wp-json\/wp\/v2\/categories?post=118316"},{"taxonomy":"post_tag","embeddable":true,"href":"https:\/\/www.europesays.com\/se\/wp-json\/wp\/v2\/tags?post=118316"}],"curies":[{"name":"wp","href":"https:\/\/api.w.org\/{rel}","templated":true}]}}