{"id":118320,"date":"2025-12-27T10:59:38","date_gmt":"2025-12-27T10:59:38","guid":{"rendered":"https:\/\/www.europesays.com\/se\/118320\/"},"modified":"2025-12-27T10:59:38","modified_gmt":"2025-12-27T10:59:38","slug":"man-doms-till-fangelse-for-stolder-i-pitea","status":"publish","type":"post","link":"https:\/\/www.europesays.com\/se\/118320\/","title":{"rendered":"Man d\u00f6ms till f\u00e4ngelse f\u00f6r st\u00f6lder i Pite\u00e5"},"content":{"rendered":"<p>St\u00f6lden g\u00e4ller ett kassask\u00e5p som stals fr\u00e5n Espresso House i Pite\u00e5 i oktober. En trio, mannen, en kvinna i 30-\u00e5rs\u00e5ldern och senare en man 30-\u00e5rs\u00e5ldern, h\u00e4ktades f\u00f6r inbrottet. Mannen i 50-\u00e5rs\u00e5ldern har erk\u00e4nt st\u00f6lden och enligt Lule\u00e5 tingsr\u00e4tt styrks \u00e5talet av en film fr\u00e5n en \u00f6vervakningskamera. V\u00e4rdet p\u00e5 kassask\u00e5pet \u00e4r ok\u00e4nt men inte ringa, st\u00e5r det i domen.I samband<\/p>\n","protected":false},"excerpt":{"rendered":"St\u00f6lden g\u00e4ller ett kassask\u00e5p som stals fr\u00e5n Espresso House i Pite\u00e5 i oktober. En trio, mannen, en kvinna&hellip;\n","protected":false},"author":2,"featured_media":118321,"comment_status":"","ping_status":"","sticky":false,"template":"","format":"standard","meta":{"footnotes":""},"categories":[12],"tags":[22,23,26,27,17,21,24,25,28,29,15,16,18,34,31,33,32,30,19,20],"class_list":{"0":"post-118320","1":"post","2":"type-post","3":"status-publish","4":"format-standard","5":"has-post-thumbnail","7":"category-sverige","8":"tag-breaking-news","9":"tag-breakingnews","10":"tag-featured-news","11":"tag-featurednews","12":"tag-headlines","13":"tag-huvudnyheter","14":"tag-latest-news","15":"tag-latestnews","16":"tag-main-news","17":"tag-mainnews","18":"tag-news","19":"tag-nyheter","20":"tag-rubriker","21":"tag-se","22":"tag-svenska","23":"tag-sverige","24":"tag-sweden","25":"tag-swedish","26":"tag-top-stories","27":"tag-topstories"},"share_on_mastodon":{"url":"https:\/\/pubeurope.com\/@se\/115791184859820182","error":""},"_links":{"self":[{"href":"https:\/\/www.europesays.com\/se\/wp-json\/wp\/v2\/posts\/118320","targetHints":{"allow":["GET"]}}],"collection":[{"href":"https:\/\/www.europesays.com\/se\/wp-json\/wp\/v2\/posts"}],"about":[{"href":"https:\/\/www.europesays.com\/se\/wp-json\/wp\/v2\/types\/post"}],"author":[{"embeddable":true,"href":"https:\/\/www.europesays.com\/se\/wp-json\/wp\/v2\/users\/2"}],"replies":[{"embeddable":true,"href":"https:\/\/www.europesays.com\/se\/wp-json\/wp\/v2\/comments?post=118320"}],"version-history":[{"count":0,"href":"https:\/\/www.europesays.com\/se\/wp-json\/wp\/v2\/posts\/118320\/revisions"}],"wp:featuredmedia":[{"embeddable":true,"href":"https:\/\/www.europesays.com\/se\/wp-json\/wp\/v2\/media\/118321"}],"wp:attachment":[{"href":"https:\/\/www.europesays.com\/se\/wp-json\/wp\/v2\/media?parent=118320"}],"wp:term":[{"taxonomy":"category","embeddable":true,"href":"https:\/\/www.europesays.com\/se\/wp-json\/wp\/v2\/categories?post=118320"},{"taxonomy":"post_tag","embeddable":true,"href":"https:\/\/www.europesays.com\/se\/wp-json\/wp\/v2\/tags?post=118320"}],"curies":[{"name":"wp","href":"https:\/\/api.w.org\/{rel}","templated":true}]}}