{"id":118326,"date":"2025-12-27T11:05:08","date_gmt":"2025-12-27T11:05:08","guid":{"rendered":"https:\/\/www.europesays.com\/se\/118326\/"},"modified":"2025-12-27T11:05:08","modified_gmt":"2025-12-27T11:05:08","slug":"storbanker-tror-pa-kronan-gar-riktigt-starkt-2026","status":"publish","type":"post","link":"https:\/\/www.europesays.com\/se\/118326\/","title":{"rendered":"Storbanker tror p\u00e5 kronan: \u201dG\u00e5r riktigt starkt 2026\u201d"},"content":{"rendered":"<p>Svenska kronan har stigit kraftigt under 2025 och storbankerna sp\u00e5r fortsatt uppg\u00e5ng under 2026, skriver Privata Aff\u00e4rer. <\/p>\n<p>\u2013 Vi f\u00f6rv\u00e4ntar oss att kronan \u00e4r en av valutorna som g\u00e5r riktigt starkt 2026, i alla fall den f\u00f6rsta delen av \u00e5ret, s\u00e4ger SEB:s analyschef Karl Steiner till tidningen.<\/p>\n<p>S\u00e4rskilt mot dollarn v\u00e4ntas kronan st\u00e4rkas. Enligt storbanken SEB kommer en dollar handlas f\u00f6r 8,88 kronor.<\/p>\n<p> En f\u00f6rklaring \u00e4r eftersl\u00e4pningen efter att USA st\u00e4ngde ner sin statsapparat. En annan \u00e4r att Fed troligen kommer att s\u00e4nka r\u00e4ntan.<\/p>\n<p>Nordea har den mest pessimistiska prognosen f\u00f6r dollarn och tror att den handlas f\u00f6r 8,55 kronor n\u00e4sta \u00e5r.<\/p>\n<p> I\u202fdag \u00e4r en dollar v\u00e4rd runt 9 kronor.<\/p>\n<p>Omni \u00e4r politiskt obundna och oberoende. Vi str\u00e4var efter att ge fler perspektiv p\u00e5 nyheterna. Har du fr\u00e5gor eller synpunkter kring v\u00e5r rapportering? <a href=\"https:\/\/omni.se\/storbanker-tror-pa-kronan-gar-riktigt-starkt-2026\/a\/mailto:redaktion@omni.se\" class=\"ArticleActions_contactLink__W2F1M\" rel=\"nofollow noopener\" target=\"_blank\">Kontakta redaktionen<\/a><\/p>\n","protected":false},"excerpt":{"rendered":"Svenska kronan har stigit kraftigt under 2025 och storbankerna sp\u00e5r fortsatt uppg\u00e5ng under 2026, skriver Privata Aff\u00e4rer. \u2013&hellip;\n","protected":false},"author":2,"featured_media":118327,"comment_status":"","ping_status":"","sticky":false,"template":"","format":"standard","meta":{"footnotes":""},"categories":[65],"tags":[72,70,71,2008,34,2666,31,33,32,30,3494],"class_list":{"0":"post-118326","1":"post","2":"type-post","3":"status-publish","4":"format-standard","5":"has-post-thumbnail","7":"category-ekonomi","8":"tag-business","9":"tag-economy","10":"tag-ekonomi","11":"tag-nordea","12":"tag-se","13":"tag-seb","14":"tag-svenska","15":"tag-sverige","16":"tag-sweden","17":"tag-swedish","18":"tag-valuta"},"share_on_mastodon":{"url":"https:\/\/pubeurope.com\/@se\/115791208261195229","error":""},"_links":{"self":[{"href":"https:\/\/www.europesays.com\/se\/wp-json\/wp\/v2\/posts\/118326","targetHints":{"allow":["GET"]}}],"collection":[{"href":"https:\/\/www.europesays.com\/se\/wp-json\/wp\/v2\/posts"}],"about":[{"href":"https:\/\/www.europesays.com\/se\/wp-json\/wp\/v2\/types\/post"}],"author":[{"embeddable":true,"href":"https:\/\/www.europesays.com\/se\/wp-json\/wp\/v2\/users\/2"}],"replies":[{"embeddable":true,"href":"https:\/\/www.europesays.com\/se\/wp-json\/wp\/v2\/comments?post=118326"}],"version-history":[{"count":0,"href":"https:\/\/www.europesays.com\/se\/wp-json\/wp\/v2\/posts\/118326\/revisions"}],"wp:featuredmedia":[{"embeddable":true,"href":"https:\/\/www.europesays.com\/se\/wp-json\/wp\/v2\/media\/118327"}],"wp:attachment":[{"href":"https:\/\/www.europesays.com\/se\/wp-json\/wp\/v2\/media?parent=118326"}],"wp:term":[{"taxonomy":"category","embeddable":true,"href":"https:\/\/www.europesays.com\/se\/wp-json\/wp\/v2\/categories?post=118326"},{"taxonomy":"post_tag","embeddable":true,"href":"https:\/\/www.europesays.com\/se\/wp-json\/wp\/v2\/tags?post=118326"}],"curies":[{"name":"wp","href":"https:\/\/api.w.org\/{rel}","templated":true}]}}