{"id":118330,"date":"2025-12-27T11:10:07","date_gmt":"2025-12-27T11:10:07","guid":{"rendered":"https:\/\/www.europesays.com\/se\/118330\/"},"modified":"2025-12-27T11:10:07","modified_gmt":"2025-12-27T11:10:07","slug":"halsa-2025-fem-medicinska-genombrott-som-ger-nytt-hopp","status":"publish","type":"post","link":"https:\/\/www.europesays.com\/se\/118330\/","title":{"rendered":"H\u00e4lsa 2025: Fem medicinska genombrott som ger nytt hopp"},"content":{"rendered":"<p>mRNA vacciner bortom pandemin<\/p>\n<p>mRNAtekniken som fick sitt genombrott under covidpandemin forts\u00e4tter att visa nya m\u00f6jligheter. <\/p>\n<p>Under \u00e5ret presenterades lovande resultat fr\u00e5n tidiga studier p\u00e5 mRNAbaserade vacciner mot bland annat influensa och hiv. <\/p>\n<p>Forskare ser \u00e4ven potential inom cancer och vissa genetiska sjukdomar. <\/p>\n<p>Tekniken kan p\u00e5 sikt ge snabbare utveckling av vacciner och mer tr\u00e4ffs\u00e4kra behandlingar.<\/p>\n<p>Grisorgan n\u00e4rmar sig klinisk verklighet<\/p>\n<p>Xenotransplantation tog viktiga steg fram\u00e5t under 2025. <\/p>\n<p>F\u00f6r f\u00f6rsta g\u00e5ngen transplanterades en genetiskt modifierad gristlever till en levande m\u00e4nniska. <\/p>\n<p>Patienten \u00f6verlevde i flera m\u00e5nader och organet visade sig kunna utf\u00f6ra centrala funktioner. <\/p>\n<p>Utvecklingen kan p\u00e5 sikt lindra den globala bristen p\u00e5 donerade organ.<\/p>\n<p>Levande hj\u00e4rnv\u00e4vnad ger ny demenskunskap<\/p>\n<p>I Storbritannien lyckades forskare studera tidiga demensprocesser i levande m\u00e4nsklig hj\u00e4rnv\u00e4vnad. <\/p>\n<p>Genom att f\u00f6lja hur giftiga proteiner p\u00e5verkar nervcellernas kopplingar i realtid \u00f6ppnas nya m\u00f6jligheter att utveckla behandlingar mot Alzheimers sjukdom.<\/p>\n<p>L\u00e4kemedel med bredare effekt<\/p>\n<p>Studier visar att etablerade l\u00e4kemedel mot fetma och diabetes kan ha positiva effekter \u00e4ven vid andra tillst\u00e5nd, som beroendeproblematik och vissa psykiska sjukdomar. <\/p>\n<p>Effekterna kopplas till minskad inflammation och f\u00f6rb\u00e4ttrad blodcirkulation, \u00e4ven om resultaten \u00e4nnu \u00e4r blandade.<\/p>\n<p>Tillsammans visar genombrotten att medicinsk innovation forts\u00e4tter att flytta gr\u00e4nser. <\/p>\n<p>F\u00f6r patienter v\u00e4rlden \u00f6ver ger utvecklingen nytt hopp inf\u00f6r framtiden.<\/p>\n<p><strong>Missa inte:<\/strong><\/p>\n<p><a href=\"https:\/\/www.e55.se\/halsa\/sa-paverkar-morgonljuset-somn-och-humor\/\" rel=\"nofollow noopener\" target=\"_blank\">S\u00e5 p\u00e5verkar morgonljuset s\u00f6mn och hum\u00f6r \u2013 E55<\/a><\/p>\n<p><a href=\"https:\/\/www.e55.se\/halsa\/en-liten-bit-av-hjarnan-kan-ge-svar-pa-alzheimers-gata\/\" rel=\"nofollow noopener\" target=\"_blank\">En liten bit av hj\u00e4rnan kan ge svar p\u00e5 Alzheimers g\u00e5ta \u2013 E55<\/a><\/p>\n<p>L\u00e4s mer fr\u00e5n E55 &#8211; v\u00e5rt nyhetsbrev \u00e4r kostnadsfritt:Prenumerera<\/p>\n","protected":false},"excerpt":{"rendered":"mRNA vacciner bortom pandemin mRNAtekniken som fick sitt genombrott under covidpandemin forts\u00e4tter att visa nya m\u00f6jligheter. Under \u00e5ret&hellip;\n","protected":false},"author":2,"featured_media":118331,"comment_status":"","ping_status":"","sticky":false,"template":"","format":"standard","meta":{"footnotes":""},"categories":[69],"tags":[113,112,2742,34,31,33,32,30],"class_list":{"0":"post-118330","1":"post","2":"type-post","3":"status-publish","4":"format-standard","5":"has-post-thumbnail","7":"category-halsa","8":"tag-halsa","9":"tag-health","10":"tag-medicin","11":"tag-se","12":"tag-svenska","13":"tag-sverige","14":"tag-sweden","15":"tag-swedish"},"share_on_mastodon":{"url":"https:\/\/pubeurope.com\/@se\/115791228140040983","error":""},"_links":{"self":[{"href":"https:\/\/www.europesays.com\/se\/wp-json\/wp\/v2\/posts\/118330","targetHints":{"allow":["GET"]}}],"collection":[{"href":"https:\/\/www.europesays.com\/se\/wp-json\/wp\/v2\/posts"}],"about":[{"href":"https:\/\/www.europesays.com\/se\/wp-json\/wp\/v2\/types\/post"}],"author":[{"embeddable":true,"href":"https:\/\/www.europesays.com\/se\/wp-json\/wp\/v2\/users\/2"}],"replies":[{"embeddable":true,"href":"https:\/\/www.europesays.com\/se\/wp-json\/wp\/v2\/comments?post=118330"}],"version-history":[{"count":0,"href":"https:\/\/www.europesays.com\/se\/wp-json\/wp\/v2\/posts\/118330\/revisions"}],"wp:featuredmedia":[{"embeddable":true,"href":"https:\/\/www.europesays.com\/se\/wp-json\/wp\/v2\/media\/118331"}],"wp:attachment":[{"href":"https:\/\/www.europesays.com\/se\/wp-json\/wp\/v2\/media?parent=118330"}],"wp:term":[{"taxonomy":"category","embeddable":true,"href":"https:\/\/www.europesays.com\/se\/wp-json\/wp\/v2\/categories?post=118330"},{"taxonomy":"post_tag","embeddable":true,"href":"https:\/\/www.europesays.com\/se\/wp-json\/wp\/v2\/tags?post=118330"}],"curies":[{"name":"wp","href":"https:\/\/api.w.org\/{rel}","templated":true}]}}