{"id":118334,"date":"2025-12-27T11:14:11","date_gmt":"2025-12-27T11:14:11","guid":{"rendered":"https:\/\/www.europesays.com\/se\/118334\/"},"modified":"2025-12-27T11:14:11","modified_gmt":"2025-12-27T11:14:11","slug":"lokala-foretaget-vaxer-ska-dubbla-personalstyrkan-varnamo-nyheter","status":"publish","type":"post","link":"https:\/\/www.europesays.com\/se\/118334\/","title":{"rendered":"Lokala f\u00f6retaget v\u00e4xer \u2013 ska dubbla personalstyrkan \u2013 V\u00e4rnamo Nyheter"},"content":{"rendered":"<p>Det h\u00e4nder mycket inom 3D-printv\u00e4rlden, n\u00e4stan vad som helst kan man printa med hj\u00e4lp av tekniken. Och det \u00e4r Bondtech i V\u00e4rnamo som driver utvecklingen fram\u00e5t. Tack vare h\u00e5rt arbete och utveckling av deras uppfinning \u201dIndx\u201d har de nu tecknat ett tre\u00e5rigt avtal med ett tjeckiskt bolag, Prusa ab som \u00e4r Europas st\u00f6rsta tillverkare av 3D-printers \u2013 ett bolag med \u00f6ver 1 300 anst\u00e4llda. <\/p>\n","protected":false},"excerpt":{"rendered":"Det h\u00e4nder mycket inom 3D-printv\u00e4rlden, n\u00e4stan vad som helst kan man printa med hj\u00e4lp av tekniken. Och det&hellip;\n","protected":false},"author":2,"featured_media":118335,"comment_status":"","ping_status":"","sticky":false,"template":"","format":"standard","meta":{"footnotes":""},"categories":[65],"tags":[72,70,71,34,31,33,32,30],"class_list":{"0":"post-118334","1":"post","2":"type-post","3":"status-publish","4":"format-standard","5":"has-post-thumbnail","7":"category-ekonomi","8":"tag-business","9":"tag-economy","10":"tag-ekonomi","11":"tag-se","12":"tag-svenska","13":"tag-sverige","14":"tag-sweden","15":"tag-swedish"},"share_on_mastodon":{"url":"https:\/\/pubeurope.com\/@se\/115791243717954577","error":""},"_links":{"self":[{"href":"https:\/\/www.europesays.com\/se\/wp-json\/wp\/v2\/posts\/118334","targetHints":{"allow":["GET"]}}],"collection":[{"href":"https:\/\/www.europesays.com\/se\/wp-json\/wp\/v2\/posts"}],"about":[{"href":"https:\/\/www.europesays.com\/se\/wp-json\/wp\/v2\/types\/post"}],"author":[{"embeddable":true,"href":"https:\/\/www.europesays.com\/se\/wp-json\/wp\/v2\/users\/2"}],"replies":[{"embeddable":true,"href":"https:\/\/www.europesays.com\/se\/wp-json\/wp\/v2\/comments?post=118334"}],"version-history":[{"count":0,"href":"https:\/\/www.europesays.com\/se\/wp-json\/wp\/v2\/posts\/118334\/revisions"}],"wp:featuredmedia":[{"embeddable":true,"href":"https:\/\/www.europesays.com\/se\/wp-json\/wp\/v2\/media\/118335"}],"wp:attachment":[{"href":"https:\/\/www.europesays.com\/se\/wp-json\/wp\/v2\/media?parent=118334"}],"wp:term":[{"taxonomy":"category","embeddable":true,"href":"https:\/\/www.europesays.com\/se\/wp-json\/wp\/v2\/categories?post=118334"},{"taxonomy":"post_tag","embeddable":true,"href":"https:\/\/www.europesays.com\/se\/wp-json\/wp\/v2\/tags?post=118334"}],"curies":[{"name":"wp","href":"https:\/\/api.w.org\/{rel}","templated":true}]}}