{"id":118336,"date":"2025-12-27T11:17:22","date_gmt":"2025-12-27T11:17:22","guid":{"rendered":"https:\/\/www.europesays.com\/se\/118336\/"},"modified":"2025-12-27T11:17:22","modified_gmt":"2025-12-27T11:17:22","slug":"marie-lehmanns-sorg-det-kom-sa-oerhort-ovantat-sport","status":"publish","type":"post","link":"https:\/\/www.europesays.com\/se\/118336\/","title":{"rendered":"Marie Lehmanns sorg: \u201dDet kom s\u00e5 oerh\u00f6rt ov\u00e4ntat\u201d | Sport"},"content":{"rendered":"<p>I \u00e5tta dagar vakade Marie Lehmann vid sin pappas sida.<\/p>\n<p>Sen g\u00f6mde hon n\u00e5got i hans hand.<\/p>\n<p>\u2013 Det k\u00e4ndes bra att veta att det var en grej som bara han och jag hade tillsammans, som skulle vara med honom hela v\u00e4gen.<\/p>\n<p>Junior-VM i ishockey har blivit en svensk jultradition.<\/p>\n<p>Och SVT-profilen <a href=\"https:\/\/www.expressen.se\/tagg\/person\/marie-lehmann\/\" class=\"\" rel=\"nofollow noopener\" target=\"_blank\">Marie Lehmann<\/a>, 60, g\u00f6r sitt 20:e m\u00e4sterskap.<\/p>\n<p>\u2013 Herregud, 20 \u00e5r \u00e4r ju j\u00e4ttemycket. Men \u00e5ren g\u00e5r och n\u00e4r man \u00e4r mitt i allt t\u00e4nker man inte s\u00e5. Och jag tycker fortfarande att det \u00e4r lika roligt.<\/p>\n<p>I 20 \u00e5r har hon tagit ledigt i stort sett hela december, verkligen maximerat julen, och sen \u00e5kt i v\u00e4g p\u00e5 jobb p\u00e5 juldagen.<\/p>\n<p>\u2013 V\u00e5r jultradition baseras p\u00e5 ett s\u00e4tt p\u00e5 JVM. Vi njuter mycket mer nu \u00e4n tidigare, d\u00e5 var det mer stress. Vi njuter av att vara tillsammans. Och inte bara p\u00e5 julafton, utan under hela december.<\/p>\n<p><img loading=\"lazy\"   alt=\"\"\/><\/p>\n<p>Marie Lehmann \u00e5ker till Minnesota f\u00f6r sitt 20:e JVM i ishockey.<\/p>\n<p>Foto: LISA HALLGREN<\/p>\n<p><img loading=\"lazy\"   alt=\"\"\/><\/p>\n<p>Marie Lehmann.<\/p>\n<p>Foto: LISA HALLGREN<\/p>\n<p>Marie Lehmanns sorg: \u201dDet \u00e4r ju en d\u00f6dsdom\u201d<\/p>\n<p>\u00c5ret avslutas med JVM i USA.<\/p>\n<p>Allt \u00e4r som vanligt. Ingenting \u00e4r som vanligt.<\/p>\n<p>I november begravde Lehmann sin pappa Ola. Inf\u00f6r ceremonin l\u00e4t hon framkalla ett foto p\u00e5 honom fr\u00e5n julafton 2008.<\/p>\n<p>\u2013 Pappa \u00e4lskade verkligen julen. D\u00e4r var han i sitt esse. Han var alltid tomte och han kunde komma in och prata spanska eller tyska eller n\u00e5got annat spr\u00e5k. Och det var j\u00e4tteviktigt att mamma fick det f\u00f6rsta paketet fr\u00e5n s\u00e4cken. Han sa alltid att hon var s\u00e5 vacker. N\u00e4r min dotter s\u00e5g fotot s\u00e5 sa hon \u201dPrecis s\u00e5 d\u00e4r t\u00e4nker jag p\u00e5 morfar\u201d.\u00a0<\/p>\n<p><img loading=\"lazy\"   alt=\"\"\/><\/p>\n<p>Marie Lehmanns pappa Ola \u00e4lskade julen.<\/p>\n<p>Foto: Privat<\/p>\n<p>R\u00f6sten stockar sig.<\/p>\n<p>\u2013 De sista \u00e5ren pr\u00e4glades av sjukdomen, men det \u00e4r inte den bilden mina barn har av honom. Det \u00e4r bilden av morfar p\u00e5 julafton, i h\u00f6gform och i cowboyhatt. Och det k\u00e4nns s\u00e5 fint.<\/p>\n<p>Hon hade ju anat att det var n\u00e5got som inte st\u00e4mde. Och f\u00f6r fem \u00e5r sen fick de svaret p\u00e5 sina funderingar: Alzheimers sjukdom.<\/p>\n<p>\u2013 Det \u00e4r ju en d\u00f6dsdom. Redan d\u00e5 visste man ju att pappa kommer d\u00f6 inom en \u00f6versk\u00e5dlig framtid. \u00c4nd\u00e5 var jag inte f\u00f6rberedd p\u00e5 det h\u00e4r. Inte \u00f6verhuvudtaget. Det kom s\u00e5 oerh\u00f6rt ov\u00e4ntat.<\/p>\n<p>Fick samtalet precis innan Sportnytt<\/p>\n<p>Marie Lehmann jobbade helg, stod och f\u00f6rberedde sig f\u00f6r \u00e4nnu en kv\u00e4llss\u00e4ndning av Sportnytt, d\u00e5 telefonen ringde.<\/p>\n<p>Man trodde att pappa Ola, 81, drabbats av en stroke. Och nu l\u00e5g han p\u00e5 sjukhus.<\/p>\n<p>\u2013 Jag f\u00f6rstod ingenting. Min bror \u00e5kte dit. Jag var tvungen att g\u00f6ra s\u00e4ndningen, f\u00f6r det gick inte att f\u00e5 in en ers\u00e4ttare med s\u00e5 kort varsel. Sen efter\u00e5t hade min bror l\u00e4mnat ett meddelande.<\/p>\n<p>\u201dDu m\u00e5ste komma hit, nu \u00e4r det br\u00e5ttom med pappa\u201d.<\/p>\n<p><img loading=\"lazy\"   alt=\"\"\/><\/p>\n<p>\u201dJag och min bror turades om att ta n\u00e4tterna\u201d<\/p>\n<p>Foto: LISA HALLGREN<\/p>\n<p>I \u00e5tta dygn blev f\u00f6rst S\u00f6dersjukhuset och sen den palliativa avdelningen p\u00e5 Dalens sjukhus hela familjens v\u00e4rld.<\/p>\n<p>\u2013 Det andra fanns inte. Om n\u00e5n fr\u00e5n jobbet ringde s\u00e5 t\u00e4nkte man bara \u201dVad \u00e4r det h\u00e4r?\u201d. Det finns liksom inte. Det \u00e4r bara den d\u00e4r lilla, lilla v\u00e4rlden kring pappa som existerar.<\/p>\n<p>Hon forts\u00e4tter:<\/p>\n<p>\u2013 Jag och min bror turades om att ta n\u00e4tterna, sov p\u00e5 en madrass bredvid pappa. Det \u00e4r s\u00e5 speciellt med den palliativa v\u00e5rden, de som jobbar d\u00e4r \u00e4r s\u00e5 vana vid d\u00f6den. Och jag tror att pappa k\u00e4nde av det d\u00e4r.\u00a0<\/p>\n<p>Ville inte l\u00e4mna sjukhuset<\/p>\n<p>P\u00e5 akuten upplevdes han som f\u00f6rvirrad och otrygg, of\u00f6rst\u00e5ende om vad som h\u00e4nde runt honom.<\/p>\n<p>\u2013 Men nu var han pl\u00f6tsligt lugn, k\u00e4nde sig trygg och f\u00f6rstod vad det handlade om. Han tyckte att alla var s\u00e5 sn\u00e4lla.<\/p>\n<p>Om det k\u00e4nns r\u00e4tt och viktigt att hon var d\u00e4r n\u00e4r han somnade in?<\/p>\n<p>Marie Lehmann \u00e4r fortfarande os\u00e4ker.<\/p>\n<p>\u2013 D\u00e4r och d\u00e5 t\u00e4nkte jag att jag n\u00e5gon g\u00e5ng i framtiden kommer titta tillbaka och tycka att det var bra att jag var d\u00e4r. B\u00e5de f\u00f6r mig och f\u00f6r pappa. Men just nu k\u00e4nner jag inte s\u00e5.\u00a0<\/p>\n<p>Hon vet att det \u00e4r s\u00e5 h\u00e4r \u201ddet ska vara\u201d. Ett barn ska \u00f6verleva sina f\u00f6r\u00e4ldrar.<\/p>\n<p>\u2013 Men det var s\u00e5 hemskt och jag bara gr\u00e4t i flera dagar. Det gjorde s\u00e5 ont. Det g\u00f6r det fortfarande.<\/p>\n<p><img loading=\"lazy\"   alt=\"\"\/><\/p>\n<p>\u201dJag hade sv\u00e5rt att g\u00e5 d\u00e4rifr\u00e5n\u201d, s\u00e4ger Marie Lehmann.<\/p>\n<p>Foto: LISA HALLGREN<\/p>\n<p>Hon blev kvar d\u00e4r p\u00e5 sjukhuset hos honom.\u00a0<\/p>\n<p>\u2013 Jag hade sv\u00e5rt att g\u00e5 d\u00e4rifr\u00e5n. Jag visste ju att det inte var pappa som l\u00e5g d\u00e4r, det var ett skal av honom. Samtidigt visste jag att jag, s\u00e5 fort jag g\u00e5tt d\u00e4rifr\u00e5n, aldrig skulle f\u00e5 se honom igen.<\/p>\n<p>Annons<\/p>\n<p>\u2013 Personalen sa att det var lugnt, att jag fick vara kvar s\u00e5 l\u00e4nge som jag ville. Men till slut k\u00e4nde jag att jag inte kunde sitta d\u00e4r l\u00e4ngre, jag m\u00e5ste d\u00e4rifr\u00e5n.<\/p>\n<p>SVT-profilens sista farv\u00e4l<\/p>\n<p>Innan hon till slut l\u00e4mnade rummet fick hon ett infall.<\/p>\n<p>\u2013 Det var en sak som k\u00e4ndes j\u00e4ttebra. Pappa \u00e4lskade choklad och s\u00e5 fanns det en bit av hans favoritsort d\u00e4r. S\u00e5 jag tog en s\u00e5n och liksom g\u00f6mde i hans hand. Jag visste ju att han skulle kremeras och det k\u00e4ndes bra att veta det d\u00e4r, att det var en grej som bara han och jag hade tillsammans. Som ingen skulle komma att se, n\u00e5got som skulle vara med honom hela v\u00e4gen, s\u00e4ger Marie Lehmann.<\/p>\n<p>\u2013 Det var det sista jag gjorde. Sen gick jag.<\/p>\n<p>Hur framtida jular ska bli utan honom vet hon inte.<\/p>\n<p>Vad det lider kanske n\u00e5gon annan tar \u00f6ver traditionen. Kanske kommer det komma in en spansktalande tomte igen.<\/p>\n<p>En sak \u00e4r i alla fall s\u00e4ker.<\/p>\n<p>\u2013 Den f\u00f6rsta julklappen kommer alltid vara mammas. Precis som pappa ville ha det.<\/p>\n<p><img loading=\"lazy\"   alt=\"\"\/><\/p>\n<p>Marie Lehmann.<\/p>\n<p>Foto: LISA HALLGREN<\/p>\n","protected":false},"excerpt":{"rendered":"I \u00e5tta dagar vakade Marie Lehmann vid sin pappas sida. Sen g\u00f6mde hon n\u00e5got i hans hand. \u2013&hellip;\n","protected":false},"author":2,"featured_media":118337,"comment_status":"","ping_status":"","sticky":false,"template":"","format":"standard","meta":{"footnotes":""},"categories":[5],"tags":[22,23,26,27,17,21,24,25,28,29,15,16,5223,18,34,31,33,32,30,19,20],"class_list":{"0":"post-118336","1":"post","2":"type-post","3":"status-publish","4":"format-standard","5":"has-post-thumbnail","7":"category-rubriker","8":"tag-breaking-news","9":"tag-breakingnews","10":"tag-featured-news","11":"tag-featurednews","12":"tag-headlines","13":"tag-huvudnyheter","14":"tag-latest-news","15":"tag-latestnews","16":"tag-main-news","17":"tag-mainnews","18":"tag-news","19":"tag-nyheter","20":"tag-person-marie-lehmann","21":"tag-rubriker","22":"tag-se","23":"tag-svenska","24":"tag-sverige","25":"tag-sweden","26":"tag-swedish","27":"tag-top-stories","28":"tag-topstories"},"share_on_mastodon":{"url":"https:\/\/pubeurope.com\/@se\/115791255459198268","error":""},"_links":{"self":[{"href":"https:\/\/www.europesays.com\/se\/wp-json\/wp\/v2\/posts\/118336","targetHints":{"allow":["GET"]}}],"collection":[{"href":"https:\/\/www.europesays.com\/se\/wp-json\/wp\/v2\/posts"}],"about":[{"href":"https:\/\/www.europesays.com\/se\/wp-json\/wp\/v2\/types\/post"}],"author":[{"embeddable":true,"href":"https:\/\/www.europesays.com\/se\/wp-json\/wp\/v2\/users\/2"}],"replies":[{"embeddable":true,"href":"https:\/\/www.europesays.com\/se\/wp-json\/wp\/v2\/comments?post=118336"}],"version-history":[{"count":0,"href":"https:\/\/www.europesays.com\/se\/wp-json\/wp\/v2\/posts\/118336\/revisions"}],"wp:featuredmedia":[{"embeddable":true,"href":"https:\/\/www.europesays.com\/se\/wp-json\/wp\/v2\/media\/118337"}],"wp:attachment":[{"href":"https:\/\/www.europesays.com\/se\/wp-json\/wp\/v2\/media?parent=118336"}],"wp:term":[{"taxonomy":"category","embeddable":true,"href":"https:\/\/www.europesays.com\/se\/wp-json\/wp\/v2\/categories?post=118336"},{"taxonomy":"post_tag","embeddable":true,"href":"https:\/\/www.europesays.com\/se\/wp-json\/wp\/v2\/tags?post=118336"}],"curies":[{"name":"wp","href":"https:\/\/api.w.org\/{rel}","templated":true}]}}