{"id":118344,"date":"2025-12-27T11:26:08","date_gmt":"2025-12-27T11:26:08","guid":{"rendered":"https:\/\/www.europesays.com\/se\/118344\/"},"modified":"2025-12-27T11:26:08","modified_gmt":"2025-12-27T11:26:08","slug":"kroppen-tappar-fart-tidigt-men-traning-hjalper-oavsett-nar-du-borjar","status":"publish","type":"post","link":"https:\/\/www.europesays.com\/se\/118344\/","title":{"rendered":"Kroppen tappar fart tidigt \u2013 men tr\u00e4ning hj\u00e4lper oavsett n\u00e4r du b\u00f6rjar"},"content":{"rendered":"<p>Aldrig f\u00f6r sent att b\u00f6rja tr\u00e4na<\/p>\n<p>Samtidigt inneh\u00e5ller studien ett tydligt hoppfullt budskap. De personer som b\u00f6rjade tr\u00e4na f\u00f6rst i vuxen \u00e5lder f\u00f6rb\u00e4ttrade sin fysiska kapacitet med mellan 5 och 10 procent. Det visar att tr\u00e4ning ger effekt \u00e4ven om den inte helt kan motverka \u00e5ldrandets biologiska processer.<\/p>\n<p>\u201cDet \u00e4r aldrig f\u00f6r sent att b\u00f6rja r\u00f6ra p\u00e5 sig. V\u00e5r studie visar att fysisk aktivitet kan bromsa nedg\u00e5ngen i prestationsf\u00f6rm\u00e5ga, \u00e4ven om den inte helt kan stoppas. Nu ska vi s\u00f6ka efter mekanismerna bakom varf\u00f6r alla n\u00e5r sin topprestation vid 35-\u00e5rs\u00e5ldern och varf\u00f6r fysisk aktivitet kan sakta ner prestationsf\u00f6rlusten, men inte helt f\u00e5 den att stanna av, s\u00e4ger <strong>Maria Westerst\u00e5hl<\/strong>, lektor vid institutionen f\u00f6r laboratoriemedicin p\u00e5 Karolinska institutet, i ett <a href=\"https:\/\/forskning.se\/2025\/12\/16\/fysisk-kapacitet-minskar-i-35-arsaldern\/\" rel=\"nofollow noopener\" target=\"_blank\">pressmeddelande<\/a>.<\/p>\n<p>Forskning f\u00f6r ett friskare \u00e5ldrande<\/p>\n<p>Forskarna betonar att \u00e4ven relativt sm\u00e5 f\u00f6rb\u00e4ttringar i fysisk kapacitet kan ha stor betydelse f\u00f6r livskvalitet, sj\u00e4lvst\u00e4ndighet och risken f\u00f6r sjukdom l\u00e4ngre fram i livet. Regelbunden motion kan bidra till att bibeh\u00e5lla r\u00f6rlighet, minska risken f\u00f6r fall och st\u00e4rka den allm\u00e4nna h\u00e4lsan.<\/p>\n<p>Studien forts\u00e4tter och n\u00e4sta steg blir att f\u00f6lja upp deltagarna n\u00e4r de fyller 68 \u00e5r. D\u00e5 hoppas forskarna kunna koppla f\u00f6r\u00e4ndringar i kondition och styrka till livsstilsfaktorer, h\u00e4lsoutveckling och bakomliggande biologiska mekanismer. M\u00e5let \u00e4r att b\u00e4ttre f\u00f6rst\u00e5 hur tr\u00e4ning kan anv\u00e4ndas f\u00f6r att fr\u00e4mja ett friskare \u00e5ldrande.<\/p>\n<p>L\u00e4s mer p\u00e5 News55:<\/p>\n<p><a href=\"https:\/\/www.news55.se\/halsa\/hojda-lonekravet-drabbar-aldrevarden\/\" rel=\"nofollow noopener\" target=\"_blank\">H\u00f6jda l\u00f6nekravet drabbar \u00e4ldrev\u00e5rden<\/a><\/p>\n<p><a href=\"https:\/\/www.news55.se\/halsa\/influensan-sprids-snabbt-smittskyddet-varnar-infor-julhelgerna\/\" rel=\"nofollow noopener\" target=\"_blank\">Influensan sprids snabbt \u2013 smittskyddet varnar inf\u00f6r julhelgerna<\/a><\/p>\n<p id=\"block-3bb37642-b230-4bb5-9c75-36b3e3518980\"><a href=\"https:\/\/www.news55.se\/samhalle\/utrikes\/svenska-foretag-investerar-mest-trots-minst-stod-i-eu\/\" rel=\"nofollow noopener\" target=\"_blank\">Svenska f\u00f6retag investerar mest \u2013 trots minst st\u00f6d i EU<\/a><\/p>\n<p id=\"block-fa11ae0a-7cce-460e-8e2f-bfca788722a6\"><a href=\"https:\/\/www.news55.se\/livsstil\/kultur-noje\/nytt-prissystem-pa-bio-olika-pris-for-olika-bra-stolplats\/\" rel=\"nofollow noopener\" target=\"_blank\">Nytt prissystem p\u00e5 bio: olika pris f\u00f6r olika bra stolplats<\/a><\/p>\n<p>L\u00e4s mer fr\u00e5n News55 &#8211; v\u00e5rt nyhetsbrev \u00e4r kostnadsfritt:Prenumerera<\/p>\n","protected":false},"excerpt":{"rendered":"Aldrig f\u00f6r sent att b\u00f6rja tr\u00e4na Samtidigt inneh\u00e5ller studien ett tydligt hoppfullt budskap. De personer som b\u00f6rjade tr\u00e4na&hellip;\n","protected":false},"author":2,"featured_media":118345,"comment_status":"","ping_status":"","sticky":false,"template":"","format":"standard","meta":{"footnotes":""},"categories":[69],"tags":[632,113,112,34,4595,31,33,32,30,331],"class_list":{"0":"post-118344","1":"post","2":"type-post","3":"status-publish","4":"format-standard","5":"has-post-thumbnail","7":"category-halsa","8":"tag-forskning","9":"tag-halsa","10":"tag-health","11":"tag-se","12":"tag-studie","13":"tag-svenska","14":"tag-sverige","15":"tag-sweden","16":"tag-swedish","17":"tag-traning"},"share_on_mastodon":{"url":"https:\/\/pubeurope.com\/@se\/115791291211041332","error":""},"_links":{"self":[{"href":"https:\/\/www.europesays.com\/se\/wp-json\/wp\/v2\/posts\/118344","targetHints":{"allow":["GET"]}}],"collection":[{"href":"https:\/\/www.europesays.com\/se\/wp-json\/wp\/v2\/posts"}],"about":[{"href":"https:\/\/www.europesays.com\/se\/wp-json\/wp\/v2\/types\/post"}],"author":[{"embeddable":true,"href":"https:\/\/www.europesays.com\/se\/wp-json\/wp\/v2\/users\/2"}],"replies":[{"embeddable":true,"href":"https:\/\/www.europesays.com\/se\/wp-json\/wp\/v2\/comments?post=118344"}],"version-history":[{"count":0,"href":"https:\/\/www.europesays.com\/se\/wp-json\/wp\/v2\/posts\/118344\/revisions"}],"wp:featuredmedia":[{"embeddable":true,"href":"https:\/\/www.europesays.com\/se\/wp-json\/wp\/v2\/media\/118345"}],"wp:attachment":[{"href":"https:\/\/www.europesays.com\/se\/wp-json\/wp\/v2\/media?parent=118344"}],"wp:term":[{"taxonomy":"category","embeddable":true,"href":"https:\/\/www.europesays.com\/se\/wp-json\/wp\/v2\/categories?post=118344"},{"taxonomy":"post_tag","embeddable":true,"href":"https:\/\/www.europesays.com\/se\/wp-json\/wp\/v2\/tags?post=118344"}],"curies":[{"name":"wp","href":"https:\/\/api.w.org\/{rel}","templated":true}]}}