{"id":118350,"date":"2025-12-27T11:30:37","date_gmt":"2025-12-27T11:30:37","guid":{"rendered":"https:\/\/www.europesays.com\/se\/118350\/"},"modified":"2025-12-27T11:30:37","modified_gmt":"2025-12-27T11:30:37","slug":"gripna-i-italien-misstanks-ha-finansierat-hamas","status":"publish","type":"post","link":"https:\/\/www.europesays.com\/se\/118350\/","title":{"rendered":"Gripna i Italien misst\u00e4nks ha finansierat Hamas"},"content":{"rendered":"<p>share-arrowDela<\/p>\n<p>unsaveSpara<\/p>\n<p class=\"hyperion-css-1shl3oz\" data-test-tag=\"lead-text\">Sju personer har gripits i Italien, misst\u00e4nkta f\u00f6r att ha samlat in miljontals euro till terrorst\u00e4mplade Hamas.<\/p>\n<p class=\"hyperion-css-1v9qo5x\">Italiensk polis har \u00e4ven utf\u00e4rdat internationella arresteringsordrar f\u00f6r tv\u00e5 personer som tror befinna sig utanf\u00f6r landets gr\u00e4nser.<\/p>\n<p class=\"hyperion-css-1v9qo5x\">De nio anklagas f\u00f6r att ha skickat motsvarande drygt 75 miljoner kronor till organisationer baserade i \u201dGaza, de palestinska omr\u00e5dena eller Israel som \u00e4gs, kontrolleras eller har koppling till Hamas\u201d, heter det i ett uttalande fr\u00e5n polisen.<\/p>\n<p class=\"hyperion-css-1v9qo5x\">Ut\u00f6ver de nio utreds tre organisationer, som polis misst\u00e4nker \u00e4r t\u00e4ckmantel f\u00f6r handlingar som syftar till att finansiera Hamas.<\/p>\n<p class=\"hyperion-css-1v9qo5x\">Terrorst\u00e4mplade Hamas har styrt i Gaza. R\u00f6relsens attack mot Israel den 7 oktober 2023 utl\u00f6ste Gazakriget.<\/p>\n","protected":false},"excerpt":{"rendered":"share-arrowDela unsaveSpara Sju personer har gripits i Italien, misst\u00e4nkta f\u00f6r att ha samlat in miljontals euro till terrorst\u00e4mplade&hellip;\n","protected":false},"author":2,"featured_media":465,"comment_status":"","ping_status":"","sticky":false,"template":"","format":"standard","meta":{"footnotes":""},"categories":[65],"tags":[72,70,71,34,31,33,32,30],"class_list":{"0":"post-118350","1":"post","2":"type-post","3":"status-publish","4":"format-standard","5":"has-post-thumbnail","7":"category-ekonomi","8":"tag-business","9":"tag-economy","10":"tag-ekonomi","11":"tag-se","12":"tag-svenska","13":"tag-sverige","14":"tag-sweden","15":"tag-swedish"},"share_on_mastodon":{"url":"https:\/\/pubeurope.com\/@se\/115791306609157445","error":""},"_links":{"self":[{"href":"https:\/\/www.europesays.com\/se\/wp-json\/wp\/v2\/posts\/118350","targetHints":{"allow":["GET"]}}],"collection":[{"href":"https:\/\/www.europesays.com\/se\/wp-json\/wp\/v2\/posts"}],"about":[{"href":"https:\/\/www.europesays.com\/se\/wp-json\/wp\/v2\/types\/post"}],"author":[{"embeddable":true,"href":"https:\/\/www.europesays.com\/se\/wp-json\/wp\/v2\/users\/2"}],"replies":[{"embeddable":true,"href":"https:\/\/www.europesays.com\/se\/wp-json\/wp\/v2\/comments?post=118350"}],"version-history":[{"count":0,"href":"https:\/\/www.europesays.com\/se\/wp-json\/wp\/v2\/posts\/118350\/revisions"}],"wp:featuredmedia":[{"embeddable":true,"href":"https:\/\/www.europesays.com\/se\/wp-json\/wp\/v2\/media\/465"}],"wp:attachment":[{"href":"https:\/\/www.europesays.com\/se\/wp-json\/wp\/v2\/media?parent=118350"}],"wp:term":[{"taxonomy":"category","embeddable":true,"href":"https:\/\/www.europesays.com\/se\/wp-json\/wp\/v2\/categories?post=118350"},{"taxonomy":"post_tag","embeddable":true,"href":"https:\/\/www.europesays.com\/se\/wp-json\/wp\/v2\/tags?post=118350"}],"curies":[{"name":"wp","href":"https:\/\/api.w.org\/{rel}","templated":true}]}}