{"id":118351,"date":"2025-12-27T11:32:10","date_gmt":"2025-12-27T11:32:10","guid":{"rendered":"https:\/\/www.europesays.com\/se\/118351\/"},"modified":"2025-12-27T11:32:10","modified_gmt":"2025-12-27T11:32:10","slug":"christoffers-familj-byter-skidor-mot-lekrum-alla-liftar-ar-stangda","status":"publish","type":"post","link":"https:\/\/www.europesays.com\/se\/118351\/","title":{"rendered":"Christoffers familj byter skidor mot lekrum: \u201dAlla liftar \u00e4r st\u00e4ngda\u201d"},"content":{"rendered":"<p><a data-test-tag=\"internal-link\" href=\"https:\/\/www.aftonbladet.se\/av\/felix-wilow\" class=\"hyperion-css-13ns1rr\" rel=\"nofollow noopener\" target=\"\" aria-label=\"Se alla artiklar av Felix Wilow\"><img decoding=\"async\" class=\"image-asset hyperion-css-n6kkq1\" data-test-tag=\"image-asset\" src=\"https:\/\/www.europesays.com\/se\/wp-content\/uploads\/2025\/12\/1766835128_920_05c04d15-efb0-4d10-a1fe-6c828d09291f\"  alt=\"\"  loading=\"lazy\" fetchpriority=\"auto\" style=\"aspect-ratio:1900 \/ 1900\"\/><\/a><\/p>\n<p class=\"boxtextgrotesk-root_baa6 hyperion-css-7pajle\">Uppdaterad 12.11 | Publicerad 12.11<\/p>\n<p>share-arrowDela<\/p>\n<p>unsaveSpara<\/p>\n<p>expand-left<\/p>\n<p>helsk\u00e4rm<img decoding=\"async\" class=\"image-asset hyperion-css-u06ts1\" data-test-tag=\"image-asset\" src=\"https:\/\/www.europesays.com\/se\/wp-content\/uploads\/2025\/12\/1e2e1ec3-b01d-43ad-ad7a-e709a9ad227b\"  alt=\"Tr\u00e4d \u00f6ver liften. D\u00e5 blir lekrummet i st\u00e4llet. \"  loading=\"eager\" fetchpriority=\"high\" style=\"aspect-ratio:1900 \/ 2399\"\/>Tr\u00e4d \u00f6ver liften. D\u00e5 blir lekrummet i st\u00e4llet.<\/p>\n<p class=\"hyperion-css-1shl3oz\" data-test-tag=\"lead-text\">Skidutrustningen var betald och redo att h\u00e4mtas ut.<\/p>\n<p class=\"hyperion-css-1shl3oz\" data-test-tag=\"lead-text\">D\u00e5 kom Johannes \u2013 och st\u00e4ngde alla backar i Lindvallen.<\/p>\n<p class=\"hyperion-css-1shl3oz\" data-test-tag=\"lead-text\">\u2013 Vi har intagit lekrummet, s\u00e4ger Christoffer Edgren.<\/p>\n<p class=\"hyperion-css-1v9qo5x\">Stormen Johannes har dragit in \u00f6ver den \u00f6vre halvan av Sverige och i fj\u00e4llen r\u00e5der orkanbyar.<\/p>\n<p class=\"hyperion-css-1v9qo5x\">I Lindvallen befinner sig Christoffer Edgren med familj \u2013 redo f\u00f6r en veckas skid\u00e5kning.<\/p>\n<p class=\"hyperion-css-1v9qo5x\">\u2013 Vi kom fram sent i g\u00e5r kv\u00e4ll och har hyrt skidgrejer som vi skulle h\u00e4mta ut i dag. Men det blir inget med det, s\u00e4ger han. <\/p>\n<p class=\"hyperion-css-1v9qo5x\">Han ber\u00e4ttar att alla liftar i omr\u00e5det \u00e4r avst\u00e4ngda. <\/p>\n<p class=\"hyperion-css-1v9qo5x\">\u2013 Det \u00e4r bara \u00e5kbanden l\u00e4ngst ned f\u00f6r de allra minsta som har \u00f6ppet.<\/p>\n<p>chevron-leftf\u00f6reg\u00e5ende<\/p>\n<ul class=\"carousel-container-viewport\" style=\"transform:translate3d(0%, 0, 0)\">\n<li class=\"carousel-slide\" style=\"z-index:1;filter:none(1);padding-bottom:100%\"><img decoding=\"async\" class=\"image-asset hyperion-css-u06ts1\" data-test-tag=\"image-asset\" src=\"https:\/\/www.europesays.com\/se\/wp-content\/uploads\/2025\/12\/8fa8f5d9-7330-4279-bbb3-cd9ac70868f8\"  alt=\"\"  fetchpriority=\"auto\" style=\"aspect-ratio:1900 \/ 2533\"\/><\/li>\n<li class=\"carousel-slide\" style=\"filter:none(0.3);padding-bottom:100%\"><img decoding=\"async\" class=\"image-asset hyperion-css-u06ts1\" data-test-tag=\"image-asset\" src=\"https:\/\/www.europesays.com\/se\/wp-content\/uploads\/2025\/12\/2782396a-3011-4f76-8c6c-9bfde107dc4e\"  alt=\"\"  fetchpriority=\"auto\" style=\"aspect-ratio:1170 \/ 2532\"\/><\/li>\n<\/ul>\n<p>expand-left<\/p>\n<p>helsk\u00e4rmchevron-rightn\u00e4staChristoffer och sonen Oliver i lekrummet.<\/p>\n<p>1 \/ 2<\/p>\n<p class=\"hyperion-css-1v9qo5x\">Flera tr\u00e4d har bl\u00e5st ned \u00f6ver ett av skidanl\u00e4ggningens liftsystem. <\/p>\n<p class=\"hyperion-css-1v9qo5x\">Och i omr\u00e5det har m\u00e4nniskor bytt skid\u00e5kningen mot andra aktiviteter. Christoffer Edgrens familj \u00e4r l\u00e5ngt ifr\u00e5n ensamma i \u00c4ventyrsbadets lekrum.<\/p>\n<p class=\"hyperion-css-1v9qo5x\">\u2013 Alla tider p\u00e5 badet och i bowlinghallen \u00e4r fullbokade. Folk har insett att man inte \u00e5ker skidor i dag, och alla liftar \u00e4r st\u00e4ngda. Vi f\u00e5r ge oss till t\u00e5ls och hoppas p\u00e5 att det blir b\u00e4ttre, s\u00e4ger han och forts\u00e4tter:<\/p>\n<p class=\"hyperion-css-1v9qo5x\">\u2013 Det \u00e4r roligt n\u00e4r man ser folk ute genom f\u00f6nstren. D\u00e5 tycker man att de \u00e4r d\u00e5rar, \u00e4nda fram tills att man sj\u00e4lv m\u00e5ste ta sig ut och blir en av d\u00e5rarna. <\/p>\n<p class=\"hyperion-css-1v9qo5x\">Familjen Edgren har en stuga i omr\u00e5det och d\u00e4rf\u00f6r ett \u00e5rskort till liftarna. D\u00e4remot \u00e4r skidutrustningen, som inte kommer att anv\u00e4ndas s\u00e5 l\u00e4nge stormen r\u00e5der, redan f\u00f6rbetald.<\/p>\n<p class=\"hyperion-css-1v9qo5x\">\u2013 Det b\u00f6r nog bli en fr\u00e5ga om kompensation eftersom det inte g\u00e5r att \u00e5ka just nu. Framf\u00f6rallt f\u00f6r de som k\u00f6pt liftkort den h\u00e4r veckan, s\u00e4ger han.<\/p>\n<p>expand-left<\/p>\n<p>helsk\u00e4rm<img decoding=\"async\" class=\"image-asset hyperion-css-u06ts1\" data-test-tag=\"image-asset\" src=\"https:\/\/www.europesays.com\/se\/wp-content\/uploads\/2025\/12\/e6b36bfa-5442-4d1a-810a-e2eb0cde778a\"  alt=\"Christoffer och Leopold fr\u00e5n p\u00e5skens skidsemester.\"  loading=\"eager\" fetchpriority=\"high\" style=\"aspect-ratio:1170 \/ 2532\"\/>Christoffer och Leopold fr\u00e5n p\u00e5skens skidsemester.<\/p>\n","protected":false},"excerpt":{"rendered":"Uppdaterad 12.11 | Publicerad 12.11 share-arrowDela unsaveSpara expand-left helsk\u00e4rmTr\u00e4d \u00f6ver liften. D\u00e5 blir lekrummet i st\u00e4llet. Skidutrustningen var&hellip;\n","protected":false},"author":2,"featured_media":118352,"comment_status":"","ping_status":"","sticky":false,"template":"","format":"standard","meta":{"footnotes":""},"categories":[12],"tags":[22,23,26,27,17,21,24,25,28,29,15,16,18,34,31,33,32,30,19,20],"class_list":{"0":"post-118351","1":"post","2":"type-post","3":"status-publish","4":"format-standard","5":"has-post-thumbnail","7":"category-sverige","8":"tag-breaking-news","9":"tag-breakingnews","10":"tag-featured-news","11":"tag-featurednews","12":"tag-headlines","13":"tag-huvudnyheter","14":"tag-latest-news","15":"tag-latestnews","16":"tag-main-news","17":"tag-mainnews","18":"tag-news","19":"tag-nyheter","20":"tag-rubriker","21":"tag-se","22":"tag-svenska","23":"tag-sverige","24":"tag-sweden","25":"tag-swedish","26":"tag-top-stories","27":"tag-topstories"},"share_on_mastodon":{"url":"https:\/\/pubeurope.com\/@se\/115791314778116499","error":""},"_links":{"self":[{"href":"https:\/\/www.europesays.com\/se\/wp-json\/wp\/v2\/posts\/118351","targetHints":{"allow":["GET"]}}],"collection":[{"href":"https:\/\/www.europesays.com\/se\/wp-json\/wp\/v2\/posts"}],"about":[{"href":"https:\/\/www.europesays.com\/se\/wp-json\/wp\/v2\/types\/post"}],"author":[{"embeddable":true,"href":"https:\/\/www.europesays.com\/se\/wp-json\/wp\/v2\/users\/2"}],"replies":[{"embeddable":true,"href":"https:\/\/www.europesays.com\/se\/wp-json\/wp\/v2\/comments?post=118351"}],"version-history":[{"count":0,"href":"https:\/\/www.europesays.com\/se\/wp-json\/wp\/v2\/posts\/118351\/revisions"}],"wp:featuredmedia":[{"embeddable":true,"href":"https:\/\/www.europesays.com\/se\/wp-json\/wp\/v2\/media\/118352"}],"wp:attachment":[{"href":"https:\/\/www.europesays.com\/se\/wp-json\/wp\/v2\/media?parent=118351"}],"wp:term":[{"taxonomy":"category","embeddable":true,"href":"https:\/\/www.europesays.com\/se\/wp-json\/wp\/v2\/categories?post=118351"},{"taxonomy":"post_tag","embeddable":true,"href":"https:\/\/www.europesays.com\/se\/wp-json\/wp\/v2\/tags?post=118351"}],"curies":[{"name":"wp","href":"https:\/\/api.w.org\/{rel}","templated":true}]}}