{"id":118357,"date":"2025-12-27T11:39:36","date_gmt":"2025-12-27T11:39:36","guid":{"rendered":"https:\/\/www.europesays.com\/se\/118357\/"},"modified":"2025-12-27T11:39:36","modified_gmt":"2025-12-27T11:39:36","slug":"test-av-alfa-romeo-junior-elettrica-ford-puma-gen-e-och-renault-4-e-tech","status":"publish","type":"post","link":"https:\/\/www.europesays.com\/se\/118357\/","title":{"rendered":"Test av Alfa Romeo Junior Elettrica, Ford Puma Gen-E och Renault 4 E-Tech"},"content":{"rendered":"<p>Publicerad 27 dec 2025 kl 05.00<\/p>\n<p> Premium Tr\u00f6tt p\u00e5 alla likriktade kompakta suvar och sugen p\u00e5 n\u00e5got som sticker ut lite? Vi med! D\u00e4rf\u00f6r har vi st\u00e4llt tre nya, sm\u00e5 roliga elbilar mot varandra. Sportiga och busiga Alfa Romeo Junior m\u00f6ter den s\u00f6ta men kaxiga Ford Puma Gen-E och franska designbomben Renault 4.<\/p>\n<p>I detta test f\u00e5r du bland annat reda p\u00e5 f\u00f6ljande:<\/p>\n<p>\u2713 Bilen som har l\u00e4ngst verklig r\u00e4ckvidd p\u00e5 el.<\/p>\n<p>\u2713 Bilen som har b\u00e4st k\u00f6regenskaper.<\/p>\n<p>\u2713 Bilen som \u00e4r billigast att \u00e4ga.<\/p>\n<p>\u2713 Bilen som utnyttjar utrymmena b\u00e4st.<\/p>\n<p>\u2713 &#8230; och vad bilarna \u00e4r mindre bra p\u00e5.<\/p>\n","protected":false},"excerpt":{"rendered":"Publicerad 27 dec 2025 kl 05.00 Premium Tr\u00f6tt p\u00e5 alla likriktade kompakta suvar och sugen p\u00e5 n\u00e5got som&hellip;\n","protected":false},"author":2,"featured_media":118358,"comment_status":"","ping_status":"","sticky":false,"template":"","format":"standard","meta":{"footnotes":""},"categories":[65],"tags":[72,70,71,103,34,97,96,31,33,32,30,101],"class_list":{"0":"post-118357","1":"post","2":"type-post","3":"status-publish","4":"format-standard","5":"has-post-thumbnail","7":"category-ekonomi","8":"tag-business","9":"tag-economy","10":"tag-ekonomi","11":"tag-premium","12":"tag-se","13":"tag-sections-test","14":"tag-sections-test-provkorningar","15":"tag-svenska","16":"tag-sverige","17":"tag-sweden","18":"tag-swedish","19":"tag-topic-elbil"},"share_on_mastodon":{"url":"https:\/\/pubeurope.com\/@se\/115791342002576196","error":""},"_links":{"self":[{"href":"https:\/\/www.europesays.com\/se\/wp-json\/wp\/v2\/posts\/118357","targetHints":{"allow":["GET"]}}],"collection":[{"href":"https:\/\/www.europesays.com\/se\/wp-json\/wp\/v2\/posts"}],"about":[{"href":"https:\/\/www.europesays.com\/se\/wp-json\/wp\/v2\/types\/post"}],"author":[{"embeddable":true,"href":"https:\/\/www.europesays.com\/se\/wp-json\/wp\/v2\/users\/2"}],"replies":[{"embeddable":true,"href":"https:\/\/www.europesays.com\/se\/wp-json\/wp\/v2\/comments?post=118357"}],"version-history":[{"count":0,"href":"https:\/\/www.europesays.com\/se\/wp-json\/wp\/v2\/posts\/118357\/revisions"}],"wp:featuredmedia":[{"embeddable":true,"href":"https:\/\/www.europesays.com\/se\/wp-json\/wp\/v2\/media\/118358"}],"wp:attachment":[{"href":"https:\/\/www.europesays.com\/se\/wp-json\/wp\/v2\/media?parent=118357"}],"wp:term":[{"taxonomy":"category","embeddable":true,"href":"https:\/\/www.europesays.com\/se\/wp-json\/wp\/v2\/categories?post=118357"},{"taxonomy":"post_tag","embeddable":true,"href":"https:\/\/www.europesays.com\/se\/wp-json\/wp\/v2\/tags?post=118357"}],"curies":[{"name":"wp","href":"https:\/\/api.w.org\/{rel}","templated":true}]}}