{"id":118361,"date":"2025-12-27T11:48:22","date_gmt":"2025-12-27T11:48:22","guid":{"rendered":"https:\/\/www.europesays.com\/se\/118361\/"},"modified":"2025-12-27T11:48:22","modified_gmt":"2025-12-27T11:48:22","slug":"har-varit-ett-bra-ar","status":"publish","type":"post","link":"https:\/\/www.europesays.com\/se\/118361\/","title":{"rendered":"\u201dHar varit ett bra \u00e5r\u201d"},"content":{"rendered":"<p>De dyraste objekten p\u00e5 Hemnet 2025 l\u00e5g p\u00e5 Liding\u00f6 i Stockholms l\u00e4n, skriver SvD N\u00e4ringsliv.<\/p>\n<p>I topp var en tegelvilla p\u00e5 280 kvadratmeter i K\u00e4ppala p\u00e5 Liding\u00f6s yttersta del. Den s\u00e5ldes f\u00f6r 64 miljoner kronor och inkluderade en egen udde med brygga. P\u00e5 andra plats kom en annan tegelvilla, som gick f\u00f6r 56 miljoner kronor.<\/p>\n<p>\u2013 Det har varit ett bra \u00e5r och jag har jobbat h\u00e5rt, s\u00e4ger m\u00e4klaren Anna Ski, som s\u00e5lde b\u00e5da objekten, till SvD.<\/p>\n<p>Hon tror att en f\u00f6rklaring \u00e4r att det varit en del \u00e5terv\u00e4ndande dollarmiljard\u00e4rer, bland annat efter Los Angeles-branden. <\/p>\n<p>Omni \u00e4r politiskt obundna och oberoende. Vi str\u00e4var efter att ge fler perspektiv p\u00e5 nyheterna. Har du fr\u00e5gor eller synpunkter kring v\u00e5r rapportering? <a href=\"https:\/\/omni.se\/lidingo-hade-dyrast-bostader-det-har-varit-ett-bra-ar\/a\/mailto:redaktion@omni.se\" class=\"ArticleActions_contactLink__W2F1M\" rel=\"nofollow noopener\" target=\"_blank\">Kontakta redaktionen<\/a><\/p>\n","protected":false},"excerpt":{"rendered":"De dyraste objekten p\u00e5 Hemnet 2025 l\u00e5g p\u00e5 Liding\u00f6 i Stockholms l\u00e4n, skriver SvD N\u00e4ringsliv. I topp var&hellip;\n","protected":false},"author":2,"featured_media":118362,"comment_status":"","ping_status":"","sticky":false,"template":"","format":"standard","meta":{"footnotes":""},"categories":[65],"tags":[72,1327,70,71,12667,34,127,31,33,32,30],"class_list":{"0":"post-118361","1":"post","2":"type-post","3":"status-publish","4":"format-standard","5":"has-post-thumbnail","7":"category-ekonomi","8":"tag-business","9":"tag-bygg-fastighet","10":"tag-economy","11":"tag-ekonomi","12":"tag-lidingo","13":"tag-se","14":"tag-stockholms-lan","15":"tag-svenska","16":"tag-sverige","17":"tag-sweden","18":"tag-swedish"},"share_on_mastodon":{"url":"https:\/\/pubeurope.com\/@se\/115791377417752164","error":""},"_links":{"self":[{"href":"https:\/\/www.europesays.com\/se\/wp-json\/wp\/v2\/posts\/118361","targetHints":{"allow":["GET"]}}],"collection":[{"href":"https:\/\/www.europesays.com\/se\/wp-json\/wp\/v2\/posts"}],"about":[{"href":"https:\/\/www.europesays.com\/se\/wp-json\/wp\/v2\/types\/post"}],"author":[{"embeddable":true,"href":"https:\/\/www.europesays.com\/se\/wp-json\/wp\/v2\/users\/2"}],"replies":[{"embeddable":true,"href":"https:\/\/www.europesays.com\/se\/wp-json\/wp\/v2\/comments?post=118361"}],"version-history":[{"count":0,"href":"https:\/\/www.europesays.com\/se\/wp-json\/wp\/v2\/posts\/118361\/revisions"}],"wp:featuredmedia":[{"embeddable":true,"href":"https:\/\/www.europesays.com\/se\/wp-json\/wp\/v2\/media\/118362"}],"wp:attachment":[{"href":"https:\/\/www.europesays.com\/se\/wp-json\/wp\/v2\/media?parent=118361"}],"wp:term":[{"taxonomy":"category","embeddable":true,"href":"https:\/\/www.europesays.com\/se\/wp-json\/wp\/v2\/categories?post=118361"},{"taxonomy":"post_tag","embeddable":true,"href":"https:\/\/www.europesays.com\/se\/wp-json\/wp\/v2\/tags?post=118361"}],"curies":[{"name":"wp","href":"https:\/\/api.w.org\/{rel}","templated":true}]}}