{"id":118365,"date":"2025-12-27T11:58:11","date_gmt":"2025-12-27T11:58:11","guid":{"rendered":"https:\/\/www.europesays.com\/se\/118365\/"},"modified":"2025-12-27T11:58:11","modified_gmt":"2025-12-27T11:58:11","slug":"minst-tva-doda-i-japansk-jattekrock","status":"publish","type":"post","link":"https:\/\/www.europesays.com\/se\/118365\/","title":{"rendered":"Minst tv\u00e5 d\u00f6da i japansk j\u00e4ttekrock"},"content":{"rendered":"<p>share-arrowDela<\/p>\n<p>unsaveSpara<\/p>\n<p>expand-left<\/p>\n<p>helsk\u00e4rm<img decoding=\"async\" class=\"image-asset hyperion-css-u06ts1\" data-test-tag=\"image-asset\" src=\"https:\/\/www.europesays.com\/se\/wp-content\/uploads\/2025\/12\/9094c9fd-9104-4bf5-bd73-68e2cd9acbe1\"  alt=\"Utbr\u00e4nda bilar efter en kedjekrock med 67 fordon i staden Minakami i Japan.\"  loading=\"eager\" fetchpriority=\"high\" style=\"aspect-ratio:1900 \/ 1238\"\/>Utbr\u00e4nda bilar efter en kedjekrock med 67 fordon i staden Minakami i Japan. Foto: Kyodo News Via AP\/TT<\/p>\n<p class=\"hyperion-css-1shl3oz\" data-test-tag=\"lead-text\">Tv\u00e5 personer har d\u00f6tt och 26 skadats, vara fem allvarligt, i en trafikolycka med 67 fordon nordv\u00e4st om Tokyo.<\/p>\n<p class=\"hyperion-css-1v9qo5x\">J\u00e4ttekrocken uppstod n\u00e4r tv\u00e5 lastbilar krockade p\u00e5 motorv\u00e4gen i h\u00f6jd med staden Minakami och fordonen bakom dem inte kunde bromsa p\u00e5 den sn\u00f6iga v\u00e4gen.<\/p>\n<p class=\"hyperion-css-1v9qo5x\">En brand br\u00f6t ut i ena \u00e4nden av kedjekrocken och spred sig snabbt till ett tjugotal bilar, flera av dem blev helt utbr\u00e4nda.<\/p>\n","protected":false},"excerpt":{"rendered":"share-arrowDela unsaveSpara expand-left helsk\u00e4rmUtbr\u00e4nda bilar efter en kedjekrock med 67 fordon i staden Minakami i Japan. Foto: Kyodo&hellip;\n","protected":false},"author":2,"featured_media":118366,"comment_status":"","ping_status":"","sticky":false,"template":"","format":"standard","meta":{"footnotes":""},"categories":[14],"tags":[22,23,26,27,17,21,24,25,28,29,15,16,18,34,31,33,32,30,19,20,51,52,53,54],"class_list":{"0":"post-118365","1":"post","2":"type-post","3":"status-publish","4":"format-standard","5":"has-post-thumbnail","7":"category-varlden","8":"tag-breaking-news","9":"tag-breakingnews","10":"tag-featured-news","11":"tag-featurednews","12":"tag-headlines","13":"tag-huvudnyheter","14":"tag-latest-news","15":"tag-latestnews","16":"tag-main-news","17":"tag-mainnews","18":"tag-news","19":"tag-nyheter","20":"tag-rubriker","21":"tag-se","22":"tag-svenska","23":"tag-sverige","24":"tag-sweden","25":"tag-swedish","26":"tag-top-stories","27":"tag-topstories","28":"tag-varlden","29":"tag-world","30":"tag-world-news","31":"tag-worldnews"},"share_on_mastodon":{"url":"https:\/\/pubeurope.com\/@se\/115791416943237646","error":""},"_links":{"self":[{"href":"https:\/\/www.europesays.com\/se\/wp-json\/wp\/v2\/posts\/118365","targetHints":{"allow":["GET"]}}],"collection":[{"href":"https:\/\/www.europesays.com\/se\/wp-json\/wp\/v2\/posts"}],"about":[{"href":"https:\/\/www.europesays.com\/se\/wp-json\/wp\/v2\/types\/post"}],"author":[{"embeddable":true,"href":"https:\/\/www.europesays.com\/se\/wp-json\/wp\/v2\/users\/2"}],"replies":[{"embeddable":true,"href":"https:\/\/www.europesays.com\/se\/wp-json\/wp\/v2\/comments?post=118365"}],"version-history":[{"count":0,"href":"https:\/\/www.europesays.com\/se\/wp-json\/wp\/v2\/posts\/118365\/revisions"}],"wp:featuredmedia":[{"embeddable":true,"href":"https:\/\/www.europesays.com\/se\/wp-json\/wp\/v2\/media\/118366"}],"wp:attachment":[{"href":"https:\/\/www.europesays.com\/se\/wp-json\/wp\/v2\/media?parent=118365"}],"wp:term":[{"taxonomy":"category","embeddable":true,"href":"https:\/\/www.europesays.com\/se\/wp-json\/wp\/v2\/categories?post=118365"},{"taxonomy":"post_tag","embeddable":true,"href":"https:\/\/www.europesays.com\/se\/wp-json\/wp\/v2\/tags?post=118365"}],"curies":[{"name":"wp","href":"https:\/\/api.w.org\/{rel}","templated":true}]}}