{"id":118369,"date":"2025-12-27T12:12:08","date_gmt":"2025-12-27T12:12:08","guid":{"rendered":"https:\/\/www.europesays.com\/se\/118369\/"},"modified":"2025-12-27T12:12:08","modified_gmt":"2025-12-27T12:12:08","slug":"jag-ar-pa-en-bra-plats-kristianstadsbladet","status":"publish","type":"post","link":"https:\/\/www.europesays.com\/se\/118369\/","title":{"rendered":"\u201dJag \u00e4r p\u00e5 en bra plats\u201d \u2013 Kristianstadsbladet"},"content":{"rendered":"<p><a href=\"https:\/\/www.kristianstadsbladet.se\/story\/de0a9708-0feb-45f0-ac35-35a08a24ebb8?pageSlug=exklusivt\" class=\"article__kicker txt-ui txt-ui--semi-bold txt-ui-2\" rel=\"nofollow noopener\" target=\"_blank\">Exklusivt<\/a><\/p>\n<p>P\u00e5 tv\u00e5 \u00e5r har Vyn utanf\u00f6r Brantevik g\u00e5tt fr\u00e5n att vara nystartad till att f\u00e5 tv\u00e5 stj\u00e4rnor i Guide Michelin \u2013 och knipa en plats p\u00e5 listan \u00f6ver v\u00e4rldens 50 b\u00e4sta restauranger. <\/p>\n<p>YA fick en unik inblick i stj\u00e4rnkockens k\u00f6k en kv\u00e4ll d\u00e5 510 r\u00e4tter skulle serveras till 30 g\u00e4ster p\u00e5 mindre \u00e4n fyra timmar.<\/p>\n<p class=\"article__pubdate txt-ui txt-ui-2\">27 december 2025 12:55<\/p>\n<p class=\"storytelling-article__image-attribution txt-ui txt-ui-2\">Toppbild: Mark Nordvall Hanlon<\/p>\n<p>Under spotbelysningen i det \u00f6ppna k\u00f6ket lyfts sm\u00e5 bitar av br\u00e4serad sockert\u00e5ng f\u00f6rsiktigt p\u00e5 plats med pincetter. Tre kockar st\u00e5r lutade \u00f6ver sk\u00e5lar p\u00e5 de rostfria diskarna. <\/p>\n<p>Tekniskt fel<\/p>\n<p class=\"message__text txt-ui txt-ui-2\">V\u00e4nligen f\u00f6rs\u00f6k igen senare.<\/p>\n<p>Den h\u00e4r artikeln \u00e4r bara f\u00f6r prenumeranter<\/p>\n<p class=\"txt-body txt-body-1\">Om du redan \u00e4r prenumerant: logga in!<\/p>\n","protected":false},"excerpt":{"rendered":"Exklusivt P\u00e5 tv\u00e5 \u00e5r har Vyn utanf\u00f6r Brantevik g\u00e5tt fr\u00e5n att vara nystartad till att f\u00e5 tv\u00e5 stj\u00e4rnor&hellip;\n","protected":false},"author":2,"featured_media":118370,"comment_status":"","ping_status":"","sticky":false,"template":"","format":"standard","meta":{"footnotes":""},"categories":[67],"tags":[104,34,31,33,32,30,105],"class_list":{"0":"post-118369","1":"post","2":"type-post","3":"status-publish","4":"format-standard","5":"has-post-thumbnail","7":"category-underhallning","8":"tag-entertainment","9":"tag-se","10":"tag-svenska","11":"tag-sverige","12":"tag-sweden","13":"tag-swedish","14":"tag-underhallning"},"share_on_mastodon":{"url":"https:\/\/pubeurope.com\/@se\/115791471796341833","error":""},"_links":{"self":[{"href":"https:\/\/www.europesays.com\/se\/wp-json\/wp\/v2\/posts\/118369","targetHints":{"allow":["GET"]}}],"collection":[{"href":"https:\/\/www.europesays.com\/se\/wp-json\/wp\/v2\/posts"}],"about":[{"href":"https:\/\/www.europesays.com\/se\/wp-json\/wp\/v2\/types\/post"}],"author":[{"embeddable":true,"href":"https:\/\/www.europesays.com\/se\/wp-json\/wp\/v2\/users\/2"}],"replies":[{"embeddable":true,"href":"https:\/\/www.europesays.com\/se\/wp-json\/wp\/v2\/comments?post=118369"}],"version-history":[{"count":0,"href":"https:\/\/www.europesays.com\/se\/wp-json\/wp\/v2\/posts\/118369\/revisions"}],"wp:featuredmedia":[{"embeddable":true,"href":"https:\/\/www.europesays.com\/se\/wp-json\/wp\/v2\/media\/118370"}],"wp:attachment":[{"href":"https:\/\/www.europesays.com\/se\/wp-json\/wp\/v2\/media?parent=118369"}],"wp:term":[{"taxonomy":"category","embeddable":true,"href":"https:\/\/www.europesays.com\/se\/wp-json\/wp\/v2\/categories?post=118369"},{"taxonomy":"post_tag","embeddable":true,"href":"https:\/\/www.europesays.com\/se\/wp-json\/wp\/v2\/tags?post=118369"}],"curies":[{"name":"wp","href":"https:\/\/api.w.org\/{rel}","templated":true}]}}