{"id":118371,"date":"2025-12-27T12:15:37","date_gmt":"2025-12-27T12:15:37","guid":{"rendered":"https:\/\/www.europesays.com\/se\/118371\/"},"modified":"2025-12-27T12:15:37","modified_gmt":"2025-12-27T12:15:37","slug":"bolsonaro-opererad-vill-ha-sin-son-som-president","status":"publish","type":"post","link":"https:\/\/www.europesays.com\/se\/118371\/","title":{"rendered":"Bolsonaro opererad \u2013 vill ha sin son som president"},"content":{"rendered":"<p>Den 70-\u00e5rige expresidenten, som avtj\u00e4nar ett 27-\u00e5rigt f\u00e4ngelsestraff f\u00f6r kuppf\u00f6rs\u00f6k, opererades p\u00e5 ett sjukhus i huvudstaden Bras\u00edlia.<\/p>\n<p>\u201dLyckad operation avklarad, utan komplikationer. Nu v\u00e4ntar vi p\u00e5 att han ska vakna upp ur narkosen\u201d, s\u00e4ger hans fru Michelle p\u00e5 sociala medier.<\/p>\n<p>Samtidigt har expresidenten i ett brev pekat ut sin son som kandidat i presidentvalet n\u00e4sta \u00e5r. 44-\u00e5rige Fl\u00e1vio, advokat och senator i landets parlament, aviserade redan i b\u00f6rjan av december att fadern utsett honom till presidentkandidat.<\/p>\n<p>Jair Bolsonaro s\u00e4ger att hans son representerar en forts\u00e4ttning p\u00e5 den \u201dv\u00e4g mot framg\u00e5ng\u201d som inleddes under hans egen mandatperiod 2019\u20132022.<\/p>\n<p>\u201dVi m\u00e5ste \u00e5terta ansvaret f\u00f6r att leda Brasilien med r\u00e4ttvisa, best\u00e4mdhet och lojalitet enligt det brasilianska folkets f\u00f6rhoppningar\u201d, skriver Bolsonaro.<\/p>\n<p>Den nuvarande 80-\u00e5riga presidenten Lula da Silva har redan tillk\u00e4nnagivit sina ambitioner att bli \u00e5tervald i valet n\u00e4sta \u00e5r.<\/p>\n<p><img alt=\"Senator Fl\u00e1vio Bolsonaro med supportrar efter att ha bes\u00f6kt sin far, expresidenten Jair Bolsonaro, i f\u00e4ngelset. Arkivbild\" loading=\"lazy\" width=\"1920\" height=\"1200\" decoding=\"async\" data-nimg=\"1\" style=\"color:transparent;max-width:100%;width:100%\"   src=\"https:\/\/www.europesays.com\/se\/wp-content\/uploads\/2025\/12\/1WwmKrq_Z7BzZ97WNmEuEXK-Ad9g-REGULAR.jpg\"\/>Senator Fl\u00e1vio Bolsonaro med supportrar efter att ha bes\u00f6kt sin far, expresidenten Jair Bolsonaro, i f\u00e4ngelset. Arkivbild Bild: Eraldo Peres <\/p>\n","protected":false},"excerpt":{"rendered":"Den 70-\u00e5rige expresidenten, som avtj\u00e4nar ett 27-\u00e5rigt f\u00e4ngelsestraff f\u00f6r kuppf\u00f6rs\u00f6k, opererades p\u00e5 ett sjukhus i huvudstaden Bras\u00edlia. \u201dLyckad&hellip;\n","protected":false},"author":2,"featured_media":118372,"comment_status":"","ping_status":"","sticky":false,"template":"","format":"standard","meta":{"footnotes":""},"categories":[14],"tags":[22,23,26,27,17,21,24,25,28,29,15,16,18,34,31,33,32,30,19,20,51,52,53,54],"class_list":{"0":"post-118371","1":"post","2":"type-post","3":"status-publish","4":"format-standard","5":"has-post-thumbnail","7":"category-varlden","8":"tag-breaking-news","9":"tag-breakingnews","10":"tag-featured-news","11":"tag-featurednews","12":"tag-headlines","13":"tag-huvudnyheter","14":"tag-latest-news","15":"tag-latestnews","16":"tag-main-news","17":"tag-mainnews","18":"tag-news","19":"tag-nyheter","20":"tag-rubriker","21":"tag-se","22":"tag-svenska","23":"tag-sverige","24":"tag-sweden","25":"tag-swedish","26":"tag-top-stories","27":"tag-topstories","28":"tag-varlden","29":"tag-world","30":"tag-world-news","31":"tag-worldnews"},"share_on_mastodon":{"url":"https:\/\/pubeurope.com\/@se\/115791483908941388","error":""},"_links":{"self":[{"href":"https:\/\/www.europesays.com\/se\/wp-json\/wp\/v2\/posts\/118371","targetHints":{"allow":["GET"]}}],"collection":[{"href":"https:\/\/www.europesays.com\/se\/wp-json\/wp\/v2\/posts"}],"about":[{"href":"https:\/\/www.europesays.com\/se\/wp-json\/wp\/v2\/types\/post"}],"author":[{"embeddable":true,"href":"https:\/\/www.europesays.com\/se\/wp-json\/wp\/v2\/users\/2"}],"replies":[{"embeddable":true,"href":"https:\/\/www.europesays.com\/se\/wp-json\/wp\/v2\/comments?post=118371"}],"version-history":[{"count":0,"href":"https:\/\/www.europesays.com\/se\/wp-json\/wp\/v2\/posts\/118371\/revisions"}],"wp:featuredmedia":[{"embeddable":true,"href":"https:\/\/www.europesays.com\/se\/wp-json\/wp\/v2\/media\/118372"}],"wp:attachment":[{"href":"https:\/\/www.europesays.com\/se\/wp-json\/wp\/v2\/media?parent=118371"}],"wp:term":[{"taxonomy":"category","embeddable":true,"href":"https:\/\/www.europesays.com\/se\/wp-json\/wp\/v2\/categories?post=118371"},{"taxonomy":"post_tag","embeddable":true,"href":"https:\/\/www.europesays.com\/se\/wp-json\/wp\/v2\/tags?post=118371"}],"curies":[{"name":"wp","href":"https:\/\/api.w.org\/{rel}","templated":true}]}}