{"id":118373,"date":"2025-12-27T12:17:13","date_gmt":"2025-12-27T12:17:13","guid":{"rendered":"https:\/\/www.europesays.com\/se\/118373\/"},"modified":"2025-12-27T12:17:13","modified_gmt":"2025-12-27T12:17:13","slug":"67-fordon-stor-kedjekrock-i-japan-tva-doda","status":"publish","type":"post","link":"https:\/\/www.europesays.com\/se\/118373\/","title":{"rendered":"67 fordon stor kedjekrock i Japan \u2013 tv\u00e5 d\u00f6da"},"content":{"rendered":"<p>Tv\u00e5 personer har d\u00f6tt och 26 personer har skadats efter en allvarlig trafikolycka nordv\u00e4st om Tokyo p\u00e5 fredagen, rapporterar AP. Totalt var 67 fordon inblandade. <\/p>\n<p>Olyckan b\u00f6rjade med att tv\u00e5 lastbilar krockade p\u00e5 en motorv\u00e4g utanf\u00f6r staden Minakami. Det hala v\u00e4glaget gjorde att fordonen bakom inte kunde bromsa och k\u00f6rde in i varandra. Sedan br\u00f6t en brand ut som spred sig till ett tjugotal bilar, varav flera blev utbr\u00e4nda. <\/p>\n<p>Omni \u00e4r politiskt obundna och oberoende. Vi str\u00e4var efter att ge fler perspektiv p\u00e5 nyheterna. Har du fr\u00e5gor eller synpunkter kring v\u00e5r rapportering? <a href=\"https:\/\/omni.se\/67-fordon-stor-kedjekrock-i-japan-tva-doda\/a\/mailto:redaktion@omni.se\" class=\"ArticleActions_contactLink__W2F1M\" rel=\"nofollow noopener\" target=\"_blank\">Kontakta redaktionen<\/a><\/p>\n","protected":false},"excerpt":{"rendered":"Tv\u00e5 personer har d\u00f6tt och 26 personer har skadats efter en allvarlig trafikolycka nordv\u00e4st om Tokyo p\u00e5 fredagen,&hellip;\n","protected":false},"author":2,"featured_media":118374,"comment_status":"","ping_status":"","sticky":false,"template":"","format":"standard","meta":{"footnotes":""},"categories":[5],"tags":[420,22,23,26,27,17,21,2865,24,25,28,29,15,16,18,34,31,33,32,30,19,20],"class_list":{"0":"post-118373","1":"post","2":"type-post","3":"status-publish","4":"format-standard","5":"has-post-thumbnail","7":"category-rubriker","8":"tag-asien","9":"tag-breaking-news","10":"tag-breakingnews","11":"tag-featured-news","12":"tag-featurednews","13":"tag-headlines","14":"tag-huvudnyheter","15":"tag-japan","16":"tag-latest-news","17":"tag-latestnews","18":"tag-main-news","19":"tag-mainnews","20":"tag-news","21":"tag-nyheter","22":"tag-rubriker","23":"tag-se","24":"tag-svenska","25":"tag-sverige","26":"tag-sweden","27":"tag-swedish","28":"tag-top-stories","29":"tag-topstories"},"share_on_mastodon":{"url":"https:\/\/pubeurope.com\/@se\/115791491448323902","error":""},"_links":{"self":[{"href":"https:\/\/www.europesays.com\/se\/wp-json\/wp\/v2\/posts\/118373","targetHints":{"allow":["GET"]}}],"collection":[{"href":"https:\/\/www.europesays.com\/se\/wp-json\/wp\/v2\/posts"}],"about":[{"href":"https:\/\/www.europesays.com\/se\/wp-json\/wp\/v2\/types\/post"}],"author":[{"embeddable":true,"href":"https:\/\/www.europesays.com\/se\/wp-json\/wp\/v2\/users\/2"}],"replies":[{"embeddable":true,"href":"https:\/\/www.europesays.com\/se\/wp-json\/wp\/v2\/comments?post=118373"}],"version-history":[{"count":0,"href":"https:\/\/www.europesays.com\/se\/wp-json\/wp\/v2\/posts\/118373\/revisions"}],"wp:featuredmedia":[{"embeddable":true,"href":"https:\/\/www.europesays.com\/se\/wp-json\/wp\/v2\/media\/118374"}],"wp:attachment":[{"href":"https:\/\/www.europesays.com\/se\/wp-json\/wp\/v2\/media?parent=118373"}],"wp:term":[{"taxonomy":"category","embeddable":true,"href":"https:\/\/www.europesays.com\/se\/wp-json\/wp\/v2\/categories?post=118373"},{"taxonomy":"post_tag","embeddable":true,"href":"https:\/\/www.europesays.com\/se\/wp-json\/wp\/v2\/tags?post=118373"}],"curies":[{"name":"wp","href":"https:\/\/api.w.org\/{rel}","templated":true}]}}