{"id":118379,"date":"2025-12-27T12:23:28","date_gmt":"2025-12-27T12:23:28","guid":{"rendered":"https:\/\/www.europesays.com\/se\/118379\/"},"modified":"2025-12-27T12:23:28","modified_gmt":"2025-12-27T12:23:28","slug":"hemlos-bjods-in-till-jul-i-cardiff-stannade-45-ar","status":"publish","type":"post","link":"https:\/\/www.europesays.com\/se\/118379\/","title":{"rendered":"Heml\u00f6s bj\u00f6ds in till jul i Cardiff \u2013 stannade 45 \u00e5r"},"content":{"rendered":"<p>Publicerad 25 dec 2025 kl 13.32Uppdaterad kl 23.20<\/p>\n<p>Julen \u00e4r en tid f\u00f6r att g\u00f6ra gott och 1975 gjorde ett ungt par i Cardiff just det. De bj\u00f6d in en heml\u00f6s man till sitt julfirande. Sedan blev mannen kvar som en del av familjen \u2013 i 45 \u00e5r, rapporterar <a href=\"https:\/\/www.bbc.com\/news\/articles\/cdxwllqz1l0o\" rel=\"nofollow noopener\" target=\"_blank\">BBC<\/a>.<\/p>\n<p><img   alt=\"\"\/><\/p>\n<p>Julfirande i Cardiff. Arkivbild<\/p>\n<p>Foto: Ceri Breeze \/ Shutterstock<\/p>\n<p>\u00d6ppna bild i helsk\u00e4rm<\/p>\n<p>Egentligen t\u00e4nkte Rob och Diane Parsons bara l\u00e5ta Ronnie Lockwood stanna \u00f6ver julen. Men n\u00e4r h\u00f6gtiden var \u00f6ver kunde de inte f\u00f6rm\u00e5 sig att kasta ut honom. I st\u00e4llet blev Lockwood en del av hush\u00e5llet, och n\u00e4r paret Parsons senare fick barn blev Lockwood som en extrapappa.<\/p>\n<p>45 \u00e5r tillsammans blev det. Lockwood dog 2020 av en stroke.<\/p>\n<p>\u2013 Ronnie berikade v\u00e5ra liv p\u00e5 s\u00e5 m\u00e5nga s\u00e4tt, s\u00e4ger Rob Parsons till BBC.\u00a0<\/p>\n","protected":false},"excerpt":{"rendered":"Publicerad 25 dec 2025 kl 13.32Uppdaterad kl 23.20 Julen \u00e4r en tid f\u00f6r att g\u00f6ra gott och 1975&hellip;\n","protected":false},"author":2,"featured_media":118380,"comment_status":"","ping_status":"","sticky":false,"template":"","format":"standard","meta":{"footnotes":""},"categories":[14],"tags":[22,23,26,27,17,21,24,25,12668,28,29,15,16,18,34,55,31,33,32,30,19,20,51,52,53,54],"class_list":{"0":"post-118379","1":"post","2":"type-post","3":"status-publish","4":"format-standard","5":"has-post-thumbnail","7":"category-varlden","8":"tag-breaking-news","9":"tag-breakingnews","10":"tag-featured-news","11":"tag-featurednews","12":"tag-headlines","13":"tag-huvudnyheter","14":"tag-latest-news","15":"tag-latestnews","16":"tag-location-cardiff","17":"tag-main-news","18":"tag-mainnews","19":"tag-news","20":"tag-nyheter","21":"tag-rubriker","22":"tag-se","23":"tag-sections-varlden","24":"tag-svenska","25":"tag-sverige","26":"tag-sweden","27":"tag-swedish","28":"tag-top-stories","29":"tag-topstories","30":"tag-varlden","31":"tag-world","32":"tag-world-news","33":"tag-worldnews"},"share_on_mastodon":{"url":"https:\/\/pubeurope.com\/@se\/115791515119358257","error":""},"_links":{"self":[{"href":"https:\/\/www.europesays.com\/se\/wp-json\/wp\/v2\/posts\/118379","targetHints":{"allow":["GET"]}}],"collection":[{"href":"https:\/\/www.europesays.com\/se\/wp-json\/wp\/v2\/posts"}],"about":[{"href":"https:\/\/www.europesays.com\/se\/wp-json\/wp\/v2\/types\/post"}],"author":[{"embeddable":true,"href":"https:\/\/www.europesays.com\/se\/wp-json\/wp\/v2\/users\/2"}],"replies":[{"embeddable":true,"href":"https:\/\/www.europesays.com\/se\/wp-json\/wp\/v2\/comments?post=118379"}],"version-history":[{"count":0,"href":"https:\/\/www.europesays.com\/se\/wp-json\/wp\/v2\/posts\/118379\/revisions"}],"wp:featuredmedia":[{"embeddable":true,"href":"https:\/\/www.europesays.com\/se\/wp-json\/wp\/v2\/media\/118380"}],"wp:attachment":[{"href":"https:\/\/www.europesays.com\/se\/wp-json\/wp\/v2\/media?parent=118379"}],"wp:term":[{"taxonomy":"category","embeddable":true,"href":"https:\/\/www.europesays.com\/se\/wp-json\/wp\/v2\/categories?post=118379"},{"taxonomy":"post_tag","embeddable":true,"href":"https:\/\/www.europesays.com\/se\/wp-json\/wp\/v2\/tags?post=118379"}],"curies":[{"name":"wp","href":"https:\/\/api.w.org\/{rel}","templated":true}]}}