{"id":118381,"date":"2025-12-27T12:24:10","date_gmt":"2025-12-27T12:24:10","guid":{"rendered":"https:\/\/www.europesays.com\/se\/118381\/"},"modified":"2025-12-27T12:24:10","modified_gmt":"2025-12-27T12:24:10","slug":"27-december-11-46-trafikhinder-gavleborgs-lan-polisen-se","status":"publish","type":"post","link":"https:\/\/www.europesays.com\/se\/118381\/","title":{"rendered":"27 december 11.46, Trafikhinder, G\u00e4vleborgs l\u00e4n &#8211; Polisen.se"},"content":{"rendered":"<ol>\n<li><a href=\"https:\/\/news.google.com\/rss\/articles\/CBMiowFBVV95cUxOeW5URDVrMl9UTGlwQTl4MmJqanpNN0s5bVR5dU92eWRPQjVtbHhiQ2pQVEtzcTR0VHcwRFRWLVJpMWNZU0pXTFpsNkhtWTBkbUdzdFdFWldCRXpldGNzTVlEcUZMdExMOWw4MmVSejRsT0FMZW9qVzk4RVdDVHgzUUN1QW83ODhnSGJiM0ZnLTZ1V0FNeHhVM2czbmdJSTF4M3pB?oc=5\" target=\"_blank\" rel=\"nofollow noopener\">27 december 11.46, Trafikhinder, G\u00e4vleborgs l\u00e4n<\/a>&nbsp;&nbsp;Polisen.se<\/li>\n<li><a href=\"https:\/\/news.google.com\/rss\/articles\/CBMiqAFBVV95cUxNTThjamVoVFFRVThPUmxhVW9ZRHdYRGFyZ1FjSFNfRGxfNEc2NmFDX0h1OUhCb0pUbGFHbW9JXzhwaU1NMlRDYm1IMmZvZG5qOGt2Q01oczhVTHZsZFQ2eHRjVEV4UU9sWWk1WG84aU9xWVFXRmMtV2MxMmdsYTduOUdWNk9yWDMzSXFLb1RLRlVRcElfY3g1TGZYUGx6TDNoeUxEQU15WUE?oc=5\" target=\"_blank\" rel=\"nofollow noopener\">Tr\u00e4d \u00f6ver flera v\u00e4gar i G\u00e4vleborgs l\u00e4n till f\u00f6ljd av stormen Johannes<\/a>&nbsp;&nbsp;SVT Nyheter<\/li>\n<li><a href=\"https:\/\/news.google.com\/rss\/articles\/CBMikAFBVV95cUxPeloxNDFYUlZpT0dzdEtidWpvZXc2cWFVbklmLS1YS3pMRF9Zb3dpVncwbEtRa2IyYjNOQkNHVHNVMm9vR1JrYXhDWE9DNFczUUNSZVF5NHVFOFB1NUlrNXVLdEpzY25tX0V3M0ZLNUZLaUw3TEl2eWtySmQ1Y1FMX0N0eVJHdWtZdDZHdDByaWc?oc=5\" target=\"_blank\" rel=\"nofollow noopener\">Stora problem i trafiken \u2013 polisen: \u201dTa varningarna p\u00e5 allvar\u201d<\/a>&nbsp;&nbsp;Hudiksvalls Tidning<\/li>\n<li><a href=\"https:\/\/news.google.com\/rss\/articles\/CBMiiwFBVV95cUxQVjdXak1KUHUtWjJUek9JaXBnVDBEXzhtWXdhSVZfUTNlenpKUElFaThRYWJYaW9EbFlmUGdkR2FOdUVXcG1GX1NWRFJtYkJjMUt4eXZpOGhjMUlpcWVmc1hqSzBtQlV4V04tRF9tUVpTVUFyWE9WOXFkVV9YRW1zUXlCMDNoMHZiRE5r?oc=5\" target=\"_blank\" rel=\"nofollow noopener\">Tr\u00e4d \u00f6ver v\u00e4gen p\u00e5verkar trafiken p\u00e5 E4<\/a>&nbsp;&nbsp;Nordsverige<\/li>\n<li><a href=\"https:\/\/news.google.com\/rss\/articles\/CBMipAFBVV95cUxPT284cVZhc1dVOWJQNjh0YU1DT1FTbEJWS25kLXJWbTJ5Y0o4SG1IWE5MUURQU0tqT3dlMmVWTTlXeGVJY2dianQwSFBlbWc0YllPTUJ6blV2QmNNY1RXWU5OMU9GcXhXTU9KRl96dmtLYS00SUhHM1VfWVNyOVZ3dlNkdmhuaVlIbEhRUDVzcThmN0ZXQUxLbGNkVlNQZGtMTlQweA?oc=5\" target=\"_blank\" rel=\"nofollow noopener\">Tr\u00e4d har bl\u00e5sit ner \u00f6ver E4.<\/a>&nbsp;&nbsp;Brottsplatskartan.se<\/li>\n<\/ol>\n","protected":false},"excerpt":{"rendered":"27 december 11.46, Trafikhinder, G\u00e4vleborgs l\u00e4n&nbsp;&nbsp;Polisen.se Tr\u00e4d \u00f6ver flera v\u00e4gar i G\u00e4vleborgs l\u00e4n till f\u00f6ljd av stormen Johannes&nbsp;&nbsp;SVT&hellip;\n","protected":false},"author":2,"featured_media":54,"comment_status":"","ping_status":"","sticky":false,"template":"","format":"standard","meta":{"footnotes":""},"categories":[12],"tags":[22,23,26,27,17,21,24,25,28,29,15,16,18,34,31,33,32,30,19,20],"class_list":{"0":"post-118381","1":"post","2":"type-post","3":"status-publish","4":"format-standard","5":"has-post-thumbnail","7":"category-sverige","8":"tag-breaking-news","9":"tag-breakingnews","10":"tag-featured-news","11":"tag-featurednews","12":"tag-headlines","13":"tag-huvudnyheter","14":"tag-latest-news","15":"tag-latestnews","16":"tag-main-news","17":"tag-mainnews","18":"tag-news","19":"tag-nyheter","20":"tag-rubriker","21":"tag-se","22":"tag-svenska","23":"tag-sverige","24":"tag-sweden","25":"tag-swedish","26":"tag-top-stories","27":"tag-topstories"},"share_on_mastodon":{"url":"https:\/\/pubeurope.com\/@se\/115791518965131807","error":""},"_links":{"self":[{"href":"https:\/\/www.europesays.com\/se\/wp-json\/wp\/v2\/posts\/118381","targetHints":{"allow":["GET"]}}],"collection":[{"href":"https:\/\/www.europesays.com\/se\/wp-json\/wp\/v2\/posts"}],"about":[{"href":"https:\/\/www.europesays.com\/se\/wp-json\/wp\/v2\/types\/post"}],"author":[{"embeddable":true,"href":"https:\/\/www.europesays.com\/se\/wp-json\/wp\/v2\/users\/2"}],"replies":[{"embeddable":true,"href":"https:\/\/www.europesays.com\/se\/wp-json\/wp\/v2\/comments?post=118381"}],"version-history":[{"count":0,"href":"https:\/\/www.europesays.com\/se\/wp-json\/wp\/v2\/posts\/118381\/revisions"}],"wp:featuredmedia":[{"embeddable":true,"href":"https:\/\/www.europesays.com\/se\/wp-json\/wp\/v2\/media\/54"}],"wp:attachment":[{"href":"https:\/\/www.europesays.com\/se\/wp-json\/wp\/v2\/media?parent=118381"}],"wp:term":[{"taxonomy":"category","embeddable":true,"href":"https:\/\/www.europesays.com\/se\/wp-json\/wp\/v2\/categories?post=118381"},{"taxonomy":"post_tag","embeddable":true,"href":"https:\/\/www.europesays.com\/se\/wp-json\/wp\/v2\/tags?post=118381"}],"curies":[{"name":"wp","href":"https:\/\/api.w.org\/{rel}","templated":true}]}}