{"id":118382,"date":"2025-12-27T12:25:40","date_gmt":"2025-12-27T12:25:40","guid":{"rendered":"https:\/\/www.europesays.com\/se\/118382\/"},"modified":"2025-12-27T12:25:40","modified_gmt":"2025-12-27T12:25:40","slug":"karoline-simpson-larsen-i-tarar-efter-sivert-guttorm-bakkens-dod","status":"publish","type":"post","link":"https:\/\/www.europesays.com\/se\/118382\/","title":{"rendered":"Karoline Simpson-Larsen i t\u00e5rar efter Sivert Guttorm Bakkens d\u00f6d"},"content":{"rendered":"<p><a data-test-tag=\"internal-link\" href=\"https:\/\/www.aftonbladet.se\/av\/benjamin-hanafi\" class=\"hyperion-css-13ns1rr\" rel=\"nofollow noopener\" target=\"\" aria-label=\"Se alla artiklar av Benjamin Hanafi\"><img decoding=\"async\" class=\"image-asset hyperion-css-n6kkq1\" data-test-tag=\"image-asset\" src=\"https:\/\/www.europesays.com\/se\/wp-content\/uploads\/2025\/12\/1766838339_609_ed296fd6-161a-49a4-8ec7-d71c8d0a5a1b\"  alt=\"\"  loading=\"lazy\" fetchpriority=\"auto\" style=\"aspect-ratio:1900 \/ 1900\"\/><\/a><\/p>\n<p class=\"boxtextgrotesk-root_baa6 hyperion-css-1w346fg\">Uppdaterad 13.05 | Publicerad 12.58<\/p>\n<p>share-arrowDela<\/p>\n<p>unsaveSpara<\/p>\n<p>Lyssna p\u00e5 artikelnLyssna p\u00e5&#8230;<\/p>\n<p class=\"hyperion-css-1shl3oz\" data-test-tag=\"lead-text\">Karoline Simpson-Larsen, 28, bodde p\u00e5 samma hotell som Sivert Guttorm Bakken.<\/p>\n<p class=\"hyperion-css-1shl3oz\" data-test-tag=\"lead-text\">N\u00e4r hon pratar om sin landsman bryter hon ihop.<\/p>\n<p class=\"hyperion-css-1shl3oz\" data-test-tag=\"lead-text\">\u2013 Julen har varit v\u00e4ldigt tuff, s\u00e4ger hon till<a aria-label=\" VG.\" class=\"sportbladet hyperion-css-15jkft9\" href=\"https:\/\/www.vg.no\/sport\/i\/d4OG9j\/karoline-simpson-larsen-etter-doedsfallet-til-sivert-guttorm-bakken-jula-har-vaert-toeff\" rel=\"noopener nofollow noreferrer\" data-test-tag=\"external-link\" target=\"_blank\"> VG.<\/a><\/p>\n<p class=\"hyperion-css-1v9qo5x\">23 december hittades skidskytten Sivert Guttom Bakken, 27, <a data-test-tag=\"internal-link\" href=\"https:\/\/www.aftonbladet.se\/sportbladet\/a\/m0R5J1\/sivert-guttorm-bakken-ar-dod\" class=\"hyperion-css-15jkft9\" rel=\"nofollow noopener\" target=\"\" aria-label=\"d\u00f6d p\u00e5 sitt hotellrum\" theme=\"sportbladet\">d\u00f6d p\u00e5 sitt hotellrum<\/a>.<\/p>\n<p class=\"hyperion-css-1v9qo5x\">Norrmannen befann sig i Lavaz\u00e9, Italien, f\u00f6r ett h\u00f6gh\u00f6jdsl\u00e4ger tillsammans med ett antal skidskyttar, samt l\u00e4ngdskid\u00e5kare.<\/p>\n<p class=\"hyperion-css-1v9qo5x\">En av de var Simpson-Larsen, som med t\u00e5rar i \u00f6gonen s\u00e4ger att de senaste dagarna varit tuffa.<\/p>\n<p>expand-left<\/p>\n<p>helsk\u00e4rm<img decoding=\"async\" class=\"image-asset hyperion-css-u06ts1\" data-test-tag=\"image-asset\" src=\"https:\/\/www.europesays.com\/se\/wp-content\/uploads\/2025\/12\/f056bc74-40a2-46c5-98f9-c1e8e450a844\"  alt=\"Karoline Simpson-Larsen.\"  loading=\"eager\" fetchpriority=\"high\" style=\"aspect-ratio:1900 \/ 1081\"\/>Karoline Simpson-Larsen. Foto: Viaplay<\/p>\n<p class=\"hyperion-css-1v9qo5x\">\u2013 Men vi har varit tillsammans, vi som har varit i Lavaz\u00e8. Det har varit v\u00e4ldigt bra<strong>. <\/strong>Vi har bara suttit tillsammans hela tiden. Pratat om allt och ingenting. Julafton var en v\u00e4ldigt tuff dag, s\u00e4ger hon.<\/p>\n<p>Funderade p\u00e5 att st\u00e4lla in<\/p>\n<p class=\"hyperion-css-1v9qo5x\">Simpson-Larsen \u00e4r f\u00f6r tillf\u00e4llet p\u00e5 plats i Toblach d\u00e4r hon m\u00f6tte pressen inf\u00f6r Tour de Ski.<\/p>\n<p class=\"hyperion-css-1v9qo5x\">Hon ber\u00e4ttar att hon funderade p\u00e5 att st\u00e4lla in sin medverkan, men kom fram till att genomf\u00f6ra t\u00e4vlingen.<\/p>\n<p class=\"hyperion-css-1v9qo5x\">\u2013 Man f\u00f6rs\u00f6ker komma tillbaka till det normala, till en arena d\u00e4r man tycker om att vara med andra och ha kul. Det har varit lite fram och tillbaka, men jag best\u00e4mde mig ganska tidigt f\u00f6r att jag skulle f\u00f6rs\u00f6ka.<\/p>\n<p>Tillsammans med skidskytten<\/p>\n<p class=\"hyperion-css-1v9qo5x\">Norskan \u00e4r tillsammans med skidskytten Johan Olov Botn, som var landslagskollega med Bakken.<\/p>\n<p>expand-left<\/p>\n<p>helsk\u00e4rm<img decoding=\"async\" class=\"image-asset hyperion-css-u06ts1\" data-test-tag=\"image-asset\" src=\"https:\/\/www.europesays.com\/se\/wp-content\/uploads\/2025\/12\/50192512-bb80-4f6a-97e5-5bb545326c48\"  alt=\"Sivert Guttorm Bakken.\"  loading=\"eager\" fetchpriority=\"high\" style=\"aspect-ratio:1900 \/ 1266\"\/>Sivert Guttorm Bakken. Foto: Tomi H\u00e4nninen \/ Bildbyr\u00e5n<\/p>\n<p class=\"hyperion-css-1v9qo5x\">Pojkv\u00e4nnen har funnits som st\u00f6d.<\/p>\n<p class=\"hyperion-css-1v9qo5x\">\u2013 Han har betytt massor och jag har ocks\u00e5 funnits d\u00e4r f\u00f6r honom. Det betyder mycket att ha varandra i en s\u00e5dan situation, s\u00e4ger Simpson Larsen.<\/p>\n<p class=\"hyperion-css-1v9qo5x\">Bakken t\u00e4vlade i v\u00e4rldscupen s\u00e5 sent som f\u00f6rra helgen.<\/p>\n<p class=\"hyperion-css-1v9qo5x\">D\u00f6dsorsaken \u00e4r \u00e4nnu inte bekr\u00e4ftad. En obduktion kommer att utf\u00f6ras i helgen och enligt VG f\u00f6rv\u00e4ntas resultaten vara klara i b\u00f6rjan av n\u00e4sta vecka.<\/p>\n","protected":false},"excerpt":{"rendered":"Uppdaterad 13.05 | Publicerad 12.58 share-arrowDela unsaveSpara Lyssna p\u00e5 artikelnLyssna p\u00e5&#8230; Karoline Simpson-Larsen, 28, bodde p\u00e5 samma hotell&hellip;\n","protected":false},"author":2,"featured_media":118383,"comment_status":"","ping_status":"","sticky":false,"template":"","format":"standard","meta":{"footnotes":""},"categories":[5],"tags":[22,23,26,27,17,21,24,25,28,29,15,16,18,34,31,33,32,30,19,20],"class_list":{"0":"post-118382","1":"post","2":"type-post","3":"status-publish","4":"format-standard","5":"has-post-thumbnail","7":"category-rubriker","8":"tag-breaking-news","9":"tag-breakingnews","10":"tag-featured-news","11":"tag-featurednews","12":"tag-headlines","13":"tag-huvudnyheter","14":"tag-latest-news","15":"tag-latestnews","16":"tag-main-news","17":"tag-mainnews","18":"tag-news","19":"tag-nyheter","20":"tag-rubriker","21":"tag-se","22":"tag-svenska","23":"tag-sverige","24":"tag-sweden","25":"tag-swedish","26":"tag-top-stories","27":"tag-topstories"},"share_on_mastodon":{"url":"https:\/\/pubeurope.com\/@se\/115791523212999787","error":""},"_links":{"self":[{"href":"https:\/\/www.europesays.com\/se\/wp-json\/wp\/v2\/posts\/118382","targetHints":{"allow":["GET"]}}],"collection":[{"href":"https:\/\/www.europesays.com\/se\/wp-json\/wp\/v2\/posts"}],"about":[{"href":"https:\/\/www.europesays.com\/se\/wp-json\/wp\/v2\/types\/post"}],"author":[{"embeddable":true,"href":"https:\/\/www.europesays.com\/se\/wp-json\/wp\/v2\/users\/2"}],"replies":[{"embeddable":true,"href":"https:\/\/www.europesays.com\/se\/wp-json\/wp\/v2\/comments?post=118382"}],"version-history":[{"count":0,"href":"https:\/\/www.europesays.com\/se\/wp-json\/wp\/v2\/posts\/118382\/revisions"}],"wp:featuredmedia":[{"embeddable":true,"href":"https:\/\/www.europesays.com\/se\/wp-json\/wp\/v2\/media\/118383"}],"wp:attachment":[{"href":"https:\/\/www.europesays.com\/se\/wp-json\/wp\/v2\/media?parent=118382"}],"wp:term":[{"taxonomy":"category","embeddable":true,"href":"https:\/\/www.europesays.com\/se\/wp-json\/wp\/v2\/categories?post=118382"},{"taxonomy":"post_tag","embeddable":true,"href":"https:\/\/www.europesays.com\/se\/wp-json\/wp\/v2\/tags?post=118382"}],"curies":[{"name":"wp","href":"https:\/\/api.w.org\/{rel}","templated":true}]}}