{"id":118386,"date":"2025-12-27T12:29:04","date_gmt":"2025-12-27T12:29:04","guid":{"rendered":"https:\/\/www.europesays.com\/se\/118386\/"},"modified":"2025-12-27T12:29:04","modified_gmt":"2025-12-27T12:29:04","slug":"dirawi-forsvarar-beslut-att-leda-melodifestivalen-vasterbottens-kuriren","status":"publish","type":"post","link":"https:\/\/www.europesays.com\/se\/118386\/","title":{"rendered":"Dirawi f\u00f6rsvarar beslut att leda Melodifestivalen &#8211; V\u00e4sterbottens-Kuriren"},"content":{"rendered":"<ol>\n<li><a href=\"https:\/\/news.google.com\/rss\/articles\/CBMijAFBVV95cUxPRlJoM19SbnRzTjZfQjRMNEUyRndRcmFxdk5hZ0ozUGFnRW9YMUh4WFE1RklHN1J6WWJ5a1ZLWDY0YnpCVXBzT3NaTWlkM0p6bmV0LXgyVEtCd0VkWmZSdjJ4SE5EV3ZpeUMyV1pHU2x5V014YzRyZzJMX2xLNnc1UzBmQXhpUFhvcjZfUA?oc=5\" target=\"_blank\" rel=\"nofollow noopener\">Dirawi f\u00f6rsvarar beslut att leda Melodifestivalen<\/a>&nbsp;&nbsp;V\u00e4sterbottens-Kuriren<\/li>\n<li><a href=\"https:\/\/news.google.com\/rss\/articles\/CBMitAFBVV95cUxOX2QxQTUwaEo1NVBKWlhtbG9hOFdxX1lqT3JjWkRENzgxNnZteXE2Y2pUdUFwLVZZb3RXa241NC1wZU9MaERUcGgtcm9ZTFQyVEVuZ1VGejBnU2JWcS1MdnhVdlhZWVBzbEFxbVIyOUc1M1RsZzdhd1VXUFJGc1NHaGx2OEZaazgzcDR6VERPbFg2UXBfZUtGTDBFN2wxQl9yVmVzT2JCSTZMb280b2p3R1NvUkY?oc=5\" target=\"_blank\" rel=\"nofollow noopener\">Gina Dirawi f\u00f6rsvarar sitt beslut att leda Melodifestivalen<\/a>&nbsp;&nbsp;Aftonbladet<\/li>\n<li><a href=\"https:\/\/news.google.com\/rss\/articles\/CBMiogFBVV95cUxPb3MxMzJZdHp0T19WZ1lOd0VsTUh3aGJuVXRiaTNaQjU5WTdYVEFXQ28zUndCeTlmSk85dHJGS2FqRnQ5WlkyUDhYeEhyalJENWJEOERMUzVWQjdDcjlFWFk5dlRLY1lnWDJQNV9GWko1X0pENVA5REZPblpuaHFieDB5M21QZlJ2di1kcVotN0RWbGRoQWNzS3lJRFU3VzdZX3c?oc=5\" target=\"_blank\" rel=\"nofollow noopener\">Dirawi angriper SVT, Israel och Eurovision<\/a>&nbsp;&nbsp;Kvartal<\/li>\n<li><a href=\"https:\/\/news.google.com\/rss\/articles\/CBMidkFVX3lxTE9uVUNkR2ZFQVgwUm1TcXhyemY5RlN5c05sd3d1WVF3aGtFbmhwT2F5LTJ2WXllRkplZU5CUF9ybWtJU3owYlJ1Qm1ZaW4yRDkzWkxaQ3VDNy01UnZ3djMxU0RPRHdtWFdLSEhrZTZpY3dSU3RLc3c?oc=5\" target=\"_blank\" rel=\"nofollow noopener\">F\u00f6rsvarar beslut att leda mellon<\/a>&nbsp;&nbsp;V\u00e4sterbottens-Kuriren<\/li>\n<li><a href=\"https:\/\/news.google.com\/rss\/articles\/CBMiaEFVX3lxTE9YRmJtTEJQbUZPb2diMkhjUTVlTUktSWRWNHJEMHV0clJrWmFYMVpXNUJIU05PLUU0S0VWU1FPd3M0b0d0a2s4RHRhb2NwbnBmZzZVQTg3Z0RQMmRZLXZIVUpGeFN2U19C?oc=5\" target=\"_blank\" rel=\"nofollow noopener\">Hjort: Gina Dirawi i Mello \u00e4r ett svek<\/a>&nbsp;&nbsp;Bulletin<\/li>\n<\/ol>\n","protected":false},"excerpt":{"rendered":"Dirawi f\u00f6rsvarar beslut att leda Melodifestivalen&nbsp;&nbsp;V\u00e4sterbottens-Kuriren Gina Dirawi f\u00f6rsvarar sitt beslut att leda Melodifestivalen&nbsp;&nbsp;Aftonbladet Dirawi angriper SVT, Israel&hellip;\n","protected":false},"author":2,"featured_media":118387,"comment_status":"","ping_status":"","sticky":false,"template":"","format":"standard","meta":{"footnotes":""},"categories":[67],"tags":[104,34,31,33,32,30,105],"class_list":{"0":"post-118386","1":"post","2":"type-post","3":"status-publish","4":"format-standard","5":"has-post-thumbnail","7":"category-underhallning","8":"tag-entertainment","9":"tag-se","10":"tag-svenska","11":"tag-sverige","12":"tag-sweden","13":"tag-swedish","14":"tag-underhallning"},"share_on_mastodon":{"url":"https:\/\/pubeurope.com\/@se\/115791538673625431","error":""},"_links":{"self":[{"href":"https:\/\/www.europesays.com\/se\/wp-json\/wp\/v2\/posts\/118386","targetHints":{"allow":["GET"]}}],"collection":[{"href":"https:\/\/www.europesays.com\/se\/wp-json\/wp\/v2\/posts"}],"about":[{"href":"https:\/\/www.europesays.com\/se\/wp-json\/wp\/v2\/types\/post"}],"author":[{"embeddable":true,"href":"https:\/\/www.europesays.com\/se\/wp-json\/wp\/v2\/users\/2"}],"replies":[{"embeddable":true,"href":"https:\/\/www.europesays.com\/se\/wp-json\/wp\/v2\/comments?post=118386"}],"version-history":[{"count":0,"href":"https:\/\/www.europesays.com\/se\/wp-json\/wp\/v2\/posts\/118386\/revisions"}],"wp:featuredmedia":[{"embeddable":true,"href":"https:\/\/www.europesays.com\/se\/wp-json\/wp\/v2\/media\/118387"}],"wp:attachment":[{"href":"https:\/\/www.europesays.com\/se\/wp-json\/wp\/v2\/media?parent=118386"}],"wp:term":[{"taxonomy":"category","embeddable":true,"href":"https:\/\/www.europesays.com\/se\/wp-json\/wp\/v2\/categories?post=118386"},{"taxonomy":"post_tag","embeddable":true,"href":"https:\/\/www.europesays.com\/se\/wp-json\/wp\/v2\/tags?post=118386"}],"curies":[{"name":"wp","href":"https:\/\/api.w.org\/{rel}","templated":true}]}}