{"id":118388,"date":"2025-12-27T12:33:09","date_gmt":"2025-12-27T12:33:09","guid":{"rendered":"https:\/\/www.europesays.com\/se\/118388\/"},"modified":"2025-12-27T12:33:09","modified_gmt":"2025-12-27T12:33:09","slug":"svante-nilsson-jobbar-heltid-vid-80-ars-alder","status":"publish","type":"post","link":"https:\/\/www.europesays.com\/se\/118388\/","title":{"rendered":"Svante Nilsson jobbar heltid vid 80 \u00e5rs \u00e5lder"},"content":{"rendered":"<p>Om n\u00e5gra dagar fyller Svante Nilsson 80 \u00e5r. M\u00e5let var att arbeta till just 80, men nu n\u00e4r f\u00f6delsedagen n\u00e4rmar sig har han inga planer p\u00e5 att sluta.\u00a0\u2013 M\u00e5nga s\u00e4ger till mig: \u201d\u00c4r du tokig, gubbe? Vad g\u00f6r du?\u201d Men jag vill g\u00e5 till jobbet, k\u00f6ra flyttbil och tr\u00e4ffa mina arbetskamrater.\u00a0En vanlig dag startar arbetspasset klockan sju. Men Svante \u00e4r p\u00e5 kontoret redan vid halv <\/p>\n","protected":false},"excerpt":{"rendered":"Om n\u00e5gra dagar fyller Svante Nilsson 80 \u00e5r. M\u00e5let var att arbeta till just 80, men nu n\u00e4r&hellip;\n","protected":false},"author":2,"featured_media":118389,"comment_status":"","ping_status":"","sticky":false,"template":"","format":"standard","meta":{"footnotes":""},"categories":[12],"tags":[22,23,26,27,17,21,24,25,28,29,15,16,18,34,31,33,32,30,19,20],"class_list":{"0":"post-118388","1":"post","2":"type-post","3":"status-publish","4":"format-standard","5":"has-post-thumbnail","7":"category-sverige","8":"tag-breaking-news","9":"tag-breakingnews","10":"tag-featured-news","11":"tag-featurednews","12":"tag-headlines","13":"tag-huvudnyheter","14":"tag-latest-news","15":"tag-latestnews","16":"tag-main-news","17":"tag-mainnews","18":"tag-news","19":"tag-nyheter","20":"tag-rubriker","21":"tag-se","22":"tag-svenska","23":"tag-sverige","24":"tag-sweden","25":"tag-swedish","26":"tag-top-stories","27":"tag-topstories"},"share_on_mastodon":{"url":"https:\/\/pubeurope.com\/@se\/115791554404718501","error":""},"_links":{"self":[{"href":"https:\/\/www.europesays.com\/se\/wp-json\/wp\/v2\/posts\/118388","targetHints":{"allow":["GET"]}}],"collection":[{"href":"https:\/\/www.europesays.com\/se\/wp-json\/wp\/v2\/posts"}],"about":[{"href":"https:\/\/www.europesays.com\/se\/wp-json\/wp\/v2\/types\/post"}],"author":[{"embeddable":true,"href":"https:\/\/www.europesays.com\/se\/wp-json\/wp\/v2\/users\/2"}],"replies":[{"embeddable":true,"href":"https:\/\/www.europesays.com\/se\/wp-json\/wp\/v2\/comments?post=118388"}],"version-history":[{"count":0,"href":"https:\/\/www.europesays.com\/se\/wp-json\/wp\/v2\/posts\/118388\/revisions"}],"wp:featuredmedia":[{"embeddable":true,"href":"https:\/\/www.europesays.com\/se\/wp-json\/wp\/v2\/media\/118389"}],"wp:attachment":[{"href":"https:\/\/www.europesays.com\/se\/wp-json\/wp\/v2\/media?parent=118388"}],"wp:term":[{"taxonomy":"category","embeddable":true,"href":"https:\/\/www.europesays.com\/se\/wp-json\/wp\/v2\/categories?post=118388"},{"taxonomy":"post_tag","embeddable":true,"href":"https:\/\/www.europesays.com\/se\/wp-json\/wp\/v2\/tags?post=118388"}],"curies":[{"name":"wp","href":"https:\/\/api.w.org\/{rel}","templated":true}]}}