{"id":118390,"date":"2025-12-27T12:34:32","date_gmt":"2025-12-27T12:34:32","guid":{"rendered":"https:\/\/www.europesays.com\/se\/118390\/"},"modified":"2025-12-27T12:34:32","modified_gmt":"2025-12-27T12:34:32","slug":"olaga-hot-i-alvsbyn-och-pitea-pa-juldagsnatten","status":"publish","type":"post","link":"https:\/\/www.europesays.com\/se\/118390\/","title":{"rendered":"Olaga hot i \u00c4lvsbyn och Pite\u00e5 p\u00e5 juldagsnatten"},"content":{"rendered":"<p>Enligt polisen var berusningsgraden under \u00e5rets hemv\u00e4ndarfester h\u00f6gre \u00e4n en vanlig helgkv\u00e4ll. Tv\u00e5 h\u00e4ndelser fr\u00e5n natten i Pite \u00e4lvdal sticker ut: misst\u00e4nkta olaga hot i \u00c4lvsbyn och Pite\u00e5, d\u00e4r unga vuxna i 20-\u00e5rs\u00e5ldern var inblandade.\u00c4lvsbyn, klockan 01.45:Polisen larmades till en restaurang i centrum efter att en ordningsvakt blivit hotad av en berusad man. Mannen, so<\/p>\n","protected":false},"excerpt":{"rendered":"Enligt polisen var berusningsgraden under \u00e5rets hemv\u00e4ndarfester h\u00f6gre \u00e4n en vanlig helgkv\u00e4ll. Tv\u00e5 h\u00e4ndelser fr\u00e5n natten i Pite&hellip;\n","protected":false},"author":2,"featured_media":118391,"comment_status":"","ping_status":"","sticky":false,"template":"","format":"standard","meta":{"footnotes":""},"categories":[5],"tags":[22,23,26,27,17,21,24,25,28,29,15,16,18,34,31,33,32,30,19,20],"class_list":{"0":"post-118390","1":"post","2":"type-post","3":"status-publish","4":"format-standard","5":"has-post-thumbnail","7":"category-rubriker","8":"tag-breaking-news","9":"tag-breakingnews","10":"tag-featured-news","11":"tag-featurednews","12":"tag-headlines","13":"tag-huvudnyheter","14":"tag-latest-news","15":"tag-latestnews","16":"tag-main-news","17":"tag-mainnews","18":"tag-news","19":"tag-nyheter","20":"tag-rubriker","21":"tag-se","22":"tag-svenska","23":"tag-sverige","24":"tag-sweden","25":"tag-swedish","26":"tag-top-stories","27":"tag-topstories"},"share_on_mastodon":{"url":"https:\/\/pubeurope.com\/@se\/115791558302613017","error":""},"_links":{"self":[{"href":"https:\/\/www.europesays.com\/se\/wp-json\/wp\/v2\/posts\/118390","targetHints":{"allow":["GET"]}}],"collection":[{"href":"https:\/\/www.europesays.com\/se\/wp-json\/wp\/v2\/posts"}],"about":[{"href":"https:\/\/www.europesays.com\/se\/wp-json\/wp\/v2\/types\/post"}],"author":[{"embeddable":true,"href":"https:\/\/www.europesays.com\/se\/wp-json\/wp\/v2\/users\/2"}],"replies":[{"embeddable":true,"href":"https:\/\/www.europesays.com\/se\/wp-json\/wp\/v2\/comments?post=118390"}],"version-history":[{"count":0,"href":"https:\/\/www.europesays.com\/se\/wp-json\/wp\/v2\/posts\/118390\/revisions"}],"wp:featuredmedia":[{"embeddable":true,"href":"https:\/\/www.europesays.com\/se\/wp-json\/wp\/v2\/media\/118391"}],"wp:attachment":[{"href":"https:\/\/www.europesays.com\/se\/wp-json\/wp\/v2\/media?parent=118390"}],"wp:term":[{"taxonomy":"category","embeddable":true,"href":"https:\/\/www.europesays.com\/se\/wp-json\/wp\/v2\/categories?post=118390"},{"taxonomy":"post_tag","embeddable":true,"href":"https:\/\/www.europesays.com\/se\/wp-json\/wp\/v2\/tags?post=118390"}],"curies":[{"name":"wp","href":"https:\/\/api.w.org\/{rel}","templated":true}]}}