{"id":118394,"date":"2025-12-27T12:37:47","date_gmt":"2025-12-27T12:37:47","guid":{"rendered":"https:\/\/www.europesays.com\/se\/118394\/"},"modified":"2025-12-27T12:37:47","modified_gmt":"2025-12-27T12:37:47","slug":"har-ar-konstskatten-allehanda-se-2","status":"publish","type":"post","link":"https:\/\/www.europesays.com\/se\/118394\/","title":{"rendered":"H\u00e4r \u00e4r konstskatten \u2013 Allehanda.se"},"content":{"rendered":"<p>20 000 verk finns i den unika samlingen.<\/p>\n<p>M\u00e5nga du aldrig kommer f\u00e5 se.<\/p>\n<p>\u00d6A fick en exklusiv rundvandring genom sjukhusets konstskatt.<\/p>\n<p>Den som bes\u00f6kt \u00d6rnsk\u00f6ldsviks sjukhus de senaste veckorna har f\u00f6rmodligen lagt m\u00e4rke till den f\u00e4rgglada skapelse som dykt upp utanf\u00f6r sjukhusets entr\u00e9.<\/p>\n<p>Tekniskt fel<\/p>\n<p class=\"message__text txt-ui txt-ui-2\">V\u00e4nligen f\u00f6rs\u00f6k igen senare.<\/p>\n<p>Den h\u00e4r artikeln \u00e4r bara f\u00f6r prenumeranter<\/p>\n<p class=\"txt-body txt-body-1\">Om du redan \u00e4r prenumerant: logga in!<\/p>\n","protected":false},"excerpt":{"rendered":"20 000 verk finns i den unika samlingen. M\u00e5nga du aldrig kommer f\u00e5 se. \u00d6A fick en exklusiv&hellip;\n","protected":false},"author":2,"featured_media":117915,"comment_status":"","ping_status":"","sticky":false,"template":"","format":"standard","meta":{"footnotes":""},"categories":[67],"tags":[104,34,31,33,32,30,105],"class_list":{"0":"post-118394","1":"post","2":"type-post","3":"status-publish","4":"format-standard","5":"has-post-thumbnail","7":"category-underhallning","8":"tag-entertainment","9":"tag-se","10":"tag-svenska","11":"tag-sverige","12":"tag-sweden","13":"tag-swedish","14":"tag-underhallning"},"share_on_mastodon":{"url":"https:\/\/pubeurope.com\/@se\/115791574061056812","error":""},"_links":{"self":[{"href":"https:\/\/www.europesays.com\/se\/wp-json\/wp\/v2\/posts\/118394","targetHints":{"allow":["GET"]}}],"collection":[{"href":"https:\/\/www.europesays.com\/se\/wp-json\/wp\/v2\/posts"}],"about":[{"href":"https:\/\/www.europesays.com\/se\/wp-json\/wp\/v2\/types\/post"}],"author":[{"embeddable":true,"href":"https:\/\/www.europesays.com\/se\/wp-json\/wp\/v2\/users\/2"}],"replies":[{"embeddable":true,"href":"https:\/\/www.europesays.com\/se\/wp-json\/wp\/v2\/comments?post=118394"}],"version-history":[{"count":0,"href":"https:\/\/www.europesays.com\/se\/wp-json\/wp\/v2\/posts\/118394\/revisions"}],"wp:featuredmedia":[{"embeddable":true,"href":"https:\/\/www.europesays.com\/se\/wp-json\/wp\/v2\/media\/117915"}],"wp:attachment":[{"href":"https:\/\/www.europesays.com\/se\/wp-json\/wp\/v2\/media?parent=118394"}],"wp:term":[{"taxonomy":"category","embeddable":true,"href":"https:\/\/www.europesays.com\/se\/wp-json\/wp\/v2\/categories?post=118394"},{"taxonomy":"post_tag","embeddable":true,"href":"https:\/\/www.europesays.com\/se\/wp-json\/wp\/v2\/tags?post=118394"}],"curies":[{"name":"wp","href":"https:\/\/api.w.org\/{rel}","templated":true}]}}