{"id":118395,"date":"2025-12-27T12:39:09","date_gmt":"2025-12-27T12:39:09","guid":{"rendered":"https:\/\/www.europesays.com\/se\/118395\/"},"modified":"2025-12-27T12:39:09","modified_gmt":"2025-12-27T12:39:09","slug":"fullt-hus-nar-jagareforbundet-bjod-in-till-viltmiddag","status":"publish","type":"post","link":"https:\/\/www.europesays.com\/se\/118395\/","title":{"rendered":"Fullt hus n\u00e4r J\u00e4garef\u00f6rbundet bj\u00f6d in till viltmiddag"},"content":{"rendered":"<p>            <img width=\"2560\" height=\"2299\" src=\"https:\/\/www.europesays.com\/se\/wp-content\/uploads\/2025\/12\/E-Lubbe-Garell-Margareta-Brauns-och-Danyel-Couet-scaled.jpg\" class=\"attachment-full size-full\" alt=\"\" decoding=\"async\" fetchpriority=\"high\"  \/><\/p>\n<p id=\"caption-attachment-241979\" class=\"wp-caption-text\">Lubbe Garell, Margareta Brauns och Danyel Couet v\u00e4lkomnade ett 80-tal g\u00e4ster n\u00e4r J\u00e4garef\u00f6rbundet Stockholm bj\u00f6d in till en viltmiddag p\u00e5 Restaurang Allegrine. Foto: Carsten Carlsson<\/p>\n<p data-beyondwords-marker=\"a30a03a7-6045-4b3f-b967-0a8a41f11618\">En tisdagskv\u00e4ll i november fick ett 80-tal g\u00e4ster njuta av en femr\u00e4ttersmeny, god st\u00e4mning och livliga samtal. Kv\u00e4llen blev ett uppskattat tillf\u00e4lle f\u00f6r f\u00f6rbundets medlemmar, och deras v\u00e4nner, att samlas kring viltmat, dela engagemanget f\u00f6r jaktkulturen och uppt\u00e4cka hur viktiga dessa m\u00f6ten \u00e4r f\u00f6r gemenskapen b\u00e5de i och runt jaktlivet.<\/p>\n<p data-beyondwords-marker=\"fa0ca7e1-15f5-4761-a099-386735d2c4a3\">\u2013 Det \u00e4r verkligen roligt att se att s\u00e5 m\u00e5nga av v\u00e5ra medlemmar vill vara med p\u00e5 den h\u00e4r middagen och det gl\u00e4der oss att intresset f\u00f6r vilt och jakt \u00e4r s\u00e5 starkt. Vi ser fram emot fler tillf\u00e4llen d\u00e4r vi samlas kring maten och v\u00e5r gemensamma passion f\u00f6r viltet, sa Margareta Brauns, ordf\u00f6rande i Stockholms centrala jaktv\u00e5rdskrets.<\/p>\n<p data-beyondwords-marker=\"4556befc-e16c-4837-a5ba-b3d091736d60\">Danyel Couet och Lubbe Garell \u00e4r bland annat k\u00e4nda fr\u00e5n YouTube-kanalen Shots &amp; Pots samt som f\u00f6rfattare till boken \u201dI magen p\u00e5 en j\u00e4gare \u2013 konsten att jaga och laga vilt\u201d.<\/p>\n<p data-beyondwords-marker=\"20cf1b5f-57a5-45b0-b046-0a152dd77394\">\u2013 Vi vill genom kv\u00e4llens meny visa att vilt kan lyftas fram p\u00e5 m\u00e5nga fler s\u00e4tt \u00e4n bara som stek eller gryta \u2013 det \u00e4r en v\u00e4rld av smaker och m\u00f6jligheter som v\u00e4ntar p\u00e5 att uppt\u00e4ckas, sa Danyel Couet. Lubbe Garell tillade att allt vilt som skulle serveras var lokalt, vilket ger en extra dimension.<\/p>\n<p data-beyondwords-marker=\"62d04f28-0b9f-4fe8-bc55-0e1d948c4364\">Kv\u00e4llen genomsyrades av livliga samtal och det kn\u00f6ts s\u00e4kert lite nya bekantskaper \u00f6ver de v\u00e4lkomponerade r\u00e4tterna. M\u00e5nga uttryckte speciellt uppskattning \u00f6ver att f\u00f6rbundet arrangerade n\u00e5got som samlade jaktintresserade, \u00e4ven utanf\u00f6r sj\u00e4lva jakten.<\/p>\n<p data-beyondwords-marker=\"c6daf100-350f-4f13-a01e-fe0dfc7f7652\">\u2013 F\u00f6r oss i f\u00f6rbundet \u00e4r det extra roligt att kunna ha arrangemang d\u00e4r \u00e4ven en v\u00e4n eller respektive kan f\u00f6lja med. Vi beh\u00f6ver fler s\u00e5dana tillf\u00e4llen f\u00f6r att lyfta livet b\u00e5de i jakten \u2013 och kring den, sa Margareta Brauns.<\/p>\n<p data-beyondwords-marker=\"2b570c14-635b-43c6-a413-3ffc6ddf2b9d\" class=\"byline first\">Carsten Carlsson<\/p>\n<p>\nMissa ingenting \u2013 f\u00e5 Svensk Jakts nyheter i din mejlbox<br \/>\nNyhetsbrevet skickas ut varje vardag.<\/p>\n","protected":false},"excerpt":{"rendered":"Lubbe Garell, Margareta Brauns och Danyel Couet v\u00e4lkomnade ett 80-tal g\u00e4ster n\u00e4r J\u00e4garef\u00f6rbundet Stockholm bj\u00f6d in till en&hellip;\n","protected":false},"author":2,"featured_media":118396,"comment_status":"","ping_status":"","sticky":false,"template":"","format":"standard","meta":{"footnotes":""},"categories":[65],"tags":[72,70,71,34,31,33,32,30],"class_list":{"0":"post-118395","1":"post","2":"type-post","3":"status-publish","4":"format-standard","5":"has-post-thumbnail","7":"category-ekonomi","8":"tag-business","9":"tag-economy","10":"tag-ekonomi","11":"tag-se","12":"tag-svenska","13":"tag-sverige","14":"tag-sweden","15":"tag-swedish"},"share_on_mastodon":{"url":"https:\/\/pubeurope.com\/@se\/115791578278308138","error":""},"_links":{"self":[{"href":"https:\/\/www.europesays.com\/se\/wp-json\/wp\/v2\/posts\/118395","targetHints":{"allow":["GET"]}}],"collection":[{"href":"https:\/\/www.europesays.com\/se\/wp-json\/wp\/v2\/posts"}],"about":[{"href":"https:\/\/www.europesays.com\/se\/wp-json\/wp\/v2\/types\/post"}],"author":[{"embeddable":true,"href":"https:\/\/www.europesays.com\/se\/wp-json\/wp\/v2\/users\/2"}],"replies":[{"embeddable":true,"href":"https:\/\/www.europesays.com\/se\/wp-json\/wp\/v2\/comments?post=118395"}],"version-history":[{"count":0,"href":"https:\/\/www.europesays.com\/se\/wp-json\/wp\/v2\/posts\/118395\/revisions"}],"wp:featuredmedia":[{"embeddable":true,"href":"https:\/\/www.europesays.com\/se\/wp-json\/wp\/v2\/media\/118396"}],"wp:attachment":[{"href":"https:\/\/www.europesays.com\/se\/wp-json\/wp\/v2\/media?parent=118395"}],"wp:term":[{"taxonomy":"category","embeddable":true,"href":"https:\/\/www.europesays.com\/se\/wp-json\/wp\/v2\/categories?post=118395"},{"taxonomy":"post_tag","embeddable":true,"href":"https:\/\/www.europesays.com\/se\/wp-json\/wp\/v2\/tags?post=118395"}],"curies":[{"name":"wp","href":"https:\/\/api.w.org\/{rel}","templated":true}]}}