{"id":118403,"date":"2025-12-27T12:54:10","date_gmt":"2025-12-27T12:54:10","guid":{"rendered":"https:\/\/www.europesays.com\/se\/118403\/"},"modified":"2025-12-27T12:54:10","modified_gmt":"2025-12-27T12:54:10","slug":"razzia-i-ukrainas-parlament-stoppad","status":"publish","type":"post","link":"https:\/\/www.europesays.com\/se\/118403\/","title":{"rendered":"Razzia i Ukrainas parlament stoppad"},"content":{"rendered":"<p class=\"boxtextgrotesk-root_baa6 hyperion-css-7pajle\">Uppdaterad 13.43 | Publicerad 13.15<\/p>\n<p>share-arrowDela<\/p>\n<p>unsaveSpara<\/p>\n<p>expand-left<\/p>\n<p>helsk\u00e4rm<img decoding=\"async\" class=\"image-asset hyperion-css-u06ts1\" data-test-tag=\"image-asset\" src=\"https:\/\/www.europesays.com\/se\/wp-content\/uploads\/2025\/12\/2fdd4115-4ce9-494b-9673-9581e5aed747\"  alt=\"Ukrainas antikorruptionsbyr\u00e5 Nabu uppger att de stoppats fr\u00e5n att f\u00f6rs\u00f6ka genomf\u00f6ra en razzia i parlamentet. Bild fr\u00e5n en omr\u00f6stning i maj.\"  loading=\"eager\" fetchpriority=\"high\" style=\"aspect-ratio:1900 \/ 1266\"\/>Ukrainas antikorruptionsbyr\u00e5 Nabu uppger att de stoppats fr\u00e5n att f\u00f6rs\u00f6ka genomf\u00f6ra en razzia i parlamentet. Bild fr\u00e5n en omr\u00f6stning i maj. Foto: Vadym Sarakhan\/AP\/TT<\/p>\n<p class=\"hyperion-css-1shl3oz\" data-test-tag=\"lead-text\">Ukrainas antikorruptionsbyr\u00e5 Nabu uppger att de stoppats fr\u00e5n att f\u00f6rs\u00f6ka genomf\u00f6ra en razzia i parlamentet.<\/p>\n<p class=\"hyperion-css-1v9qo5x\">Nabu uppger att vissa parlamentsledam\u00f6ter \u00e4r under utredning men att s\u00e4kerhetstj\u00e4nsten stoppat dem n\u00e4r de f\u00f6rs\u00f6kt g\u00f6ra tillslag i parlamentet under l\u00f6rdagen.<\/p>\n<p class=\"hyperion-css-1v9qo5x\">Ledam\u00f6terna ska ing\u00e5 i en organiserad kriminell gruppering som avsl\u00f6jats i en hemlig operation genomf\u00f6rd av Nabu och Sapo \u2013 en antikorruptionsenhet inom \u00e5klagarv\u00e4sendet. Utredningen har inte kommenterats ytterligare.<\/p>\n<p class=\"hyperion-css-1v9qo5x\">Ukraina har sedan tidigare skakats av en omfattande korruptionsskandal d\u00e4r b\u00e5de ministrar och president Volodymyr Zelenskyjs d\u00e5 n\u00e4rmaste man, stabschefen Andrij Jermak, har tvingats att l\u00e4mna sina poster.<\/p>\n","protected":false},"excerpt":{"rendered":"Uppdaterad 13.43 | Publicerad 13.15 share-arrowDela unsaveSpara expand-left helsk\u00e4rmUkrainas antikorruptionsbyr\u00e5 Nabu uppger att de stoppats fr\u00e5n att f\u00f6rs\u00f6ka&hellip;\n","protected":false},"author":2,"featured_media":118404,"comment_status":"","ping_status":"","sticky":false,"template":"","format":"standard","meta":{"footnotes":""},"categories":[14],"tags":[22,23,26,27,17,21,24,25,28,29,15,16,18,34,31,33,32,30,19,20,51,52,53,54],"class_list":{"0":"post-118403","1":"post","2":"type-post","3":"status-publish","4":"format-standard","5":"has-post-thumbnail","7":"category-varlden","8":"tag-breaking-news","9":"tag-breakingnews","10":"tag-featured-news","11":"tag-featurednews","12":"tag-headlines","13":"tag-huvudnyheter","14":"tag-latest-news","15":"tag-latestnews","16":"tag-main-news","17":"tag-mainnews","18":"tag-news","19":"tag-nyheter","20":"tag-rubriker","21":"tag-se","22":"tag-svenska","23":"tag-sverige","24":"tag-sweden","25":"tag-swedish","26":"tag-top-stories","27":"tag-topstories","28":"tag-varlden","29":"tag-world","30":"tag-world-news","31":"tag-worldnews"},"share_on_mastodon":{"url":"https:\/\/pubeurope.com\/@se\/115791637161840401","error":""},"_links":{"self":[{"href":"https:\/\/www.europesays.com\/se\/wp-json\/wp\/v2\/posts\/118403","targetHints":{"allow":["GET"]}}],"collection":[{"href":"https:\/\/www.europesays.com\/se\/wp-json\/wp\/v2\/posts"}],"about":[{"href":"https:\/\/www.europesays.com\/se\/wp-json\/wp\/v2\/types\/post"}],"author":[{"embeddable":true,"href":"https:\/\/www.europesays.com\/se\/wp-json\/wp\/v2\/users\/2"}],"replies":[{"embeddable":true,"href":"https:\/\/www.europesays.com\/se\/wp-json\/wp\/v2\/comments?post=118403"}],"version-history":[{"count":0,"href":"https:\/\/www.europesays.com\/se\/wp-json\/wp\/v2\/posts\/118403\/revisions"}],"wp:featuredmedia":[{"embeddable":true,"href":"https:\/\/www.europesays.com\/se\/wp-json\/wp\/v2\/media\/118404"}],"wp:attachment":[{"href":"https:\/\/www.europesays.com\/se\/wp-json\/wp\/v2\/media?parent=118403"}],"wp:term":[{"taxonomy":"category","embeddable":true,"href":"https:\/\/www.europesays.com\/se\/wp-json\/wp\/v2\/categories?post=118403"},{"taxonomy":"post_tag","embeddable":true,"href":"https:\/\/www.europesays.com\/se\/wp-json\/wp\/v2\/tags?post=118403"}],"curies":[{"name":"wp","href":"https:\/\/api.w.org\/{rel}","templated":true}]}}