{"id":118405,"date":"2025-12-27T12:56:03","date_gmt":"2025-12-27T12:56:03","guid":{"rendered":"https:\/\/www.europesays.com\/se\/118405\/"},"modified":"2025-12-27T12:56:03","modified_gmt":"2025-12-27T12:56:03","slug":"framtidshopp-i-kungens-tal-trots-kris-och-krig","status":"publish","type":"post","link":"https:\/\/www.europesays.com\/se\/118405\/","title":{"rendered":"Framtidshopp i kungens tal \u2013 trots kris och krig"},"content":{"rendered":"<p class=\"sc-c25743f0-0 sc-e37c0145-2 hObFds DQgPn\"><strong>I kungens \u00e5rliga jultal blickar han tillbaka p\u00e5 ett \u00e5r pr\u00e4glat av kris, krig och sorg.<\/strong><\/p>\n<p class=\"sc-c25743f0-0 sc-e37c0145-2 hObFds DQgPn\"><strong>Men budskapet \u00e4r tydligt: <\/strong><\/p>\n<blockquote class=\"sc-dfea8419-1 euYjkq\">\n<p class=\"sc-c25743f0-0 sc-e37c0145-2 hObFds DQgPn\"><strong>Trots konflikter i v\u00e4rlden m\u00e5ste vi h\u00e5lla fast vid hoppet om framtiden.<\/strong><\/p>\n<\/blockquote>\n<p class=\"sc-c25743f0-0 sc-e37c0145-2 hObFds DQgPn\">Kung Carl XVI Gustaf understryker i \u00e5rets jultal sin \u00f6vertygelse om att det \u00e4r dialogen och samarbetet l\u00e4nder emellan som banar v\u00e4g f\u00f6r en ljusare framtid. <\/p>\n<p class=\"sc-c25743f0-0 sc-e37c0145-2 hObFds DQgPn\">Han lyfter en rad m\u00f6ten och sammankomster som st\u00e4rkt honom i den \u00f6vertygelsen, d\u00e4ribland klimattoppm\u00f6tet i Brasilien och FN:s 80-\u00e5rs jubileum i New York. <\/p>\n<blockquote class=\"sc-dfea8419-1 euYjkq\">\n<p class=\"sc-c25743f0-0 sc-e37c0145-2 hObFds DQgPn\">Sverige har goda m\u00f6jligheter att bidra och vara ett f\u00f6red\u00f6me i det internationella samarbetet, inte minst genom v\u00e5rt engagemang f\u00f6r fred, h\u00e5llbar utveckling och m\u00e4nskliga r\u00e4ttigheter.  <\/p>\n<\/blockquote>\n<p>Stora utmaningar<\/p>\n<p class=\"sc-c25743f0-0 sc-e37c0145-2 hObFds DQgPn\">Och trots en pr\u00f6vande tid med flera stora utmaningar \u2013 s\u00e5 som Ukrainakriget, klimatf\u00f6r\u00e4ndringarna och den sk\u00f6ra vapenvilan i Gaza \u2013 har kungen hopp om framtiden. <\/p>\n<blockquote class=\"sc-dfea8419-1 euYjkq\">\n<p class=\"sc-c25743f0-0 sc-e37c0145-2 hObFds DQgPn\">Det ukrainska folkets uth\u00e5llighet och vilja att f\u00f6rsvara sitt land ger oss hopp om att Ukrainas frihet och suver\u00e4nitet ska respekteras. Hoppet f\u00f6ds ocks\u00e5 ur nya uppt\u00e4ckter, och vetenskapen g\u00f6r stora framsteg.<\/p>\n<\/blockquote>\n<p>F\u00f6rf\u00e4rlig h\u00e4ndelse<\/p>\n<p class=\"sc-c25743f0-0 sc-e37c0145-2 hObFds DQgPn\">Efter att inledningsvis ha riktat blicken mot v\u00e4rlden v\u00e4nder han sig till Sverige och sk\u00e4nker sina tankar till offren och anh\u00f6riga i skjutningen p\u00e5 Campus Risbergska i \u00d6rebro \u2013 d\u00e4r tio personer d\u00f6dades och flera skadades. <\/p>\n<blockquote class=\"sc-dfea8419-1 euYjkq\">\n<p class=\"sc-c25743f0-0 sc-e37c0145-2 hObFds DQgPn\">Denna f\u00f6rf\u00e4rliga h\u00e4ndelse kommer att finnas med oss under en l\u00e5ng tid. <\/p>\n<\/blockquote>\n<p class=\"sc-c25743f0-0 sc-e37c0145-2 hObFds DQgPn\">Men ur sorgen v\u00e4xte en gemenskap fram, s\u00e4ger kungen och hyllar allt fr\u00e5n polis och v\u00e5rdpersonal till frivilligorganisationer och l\u00e4rare. <\/p>\n<blockquote class=\"sc-dfea8419-1 euYjkq\">\n<p class=\"sc-c25743f0-0 sc-e37c0145-2 hObFds DQgPn\">M\u00e4nniskor st\u00f6ttade varandra och visade att medm\u00e4nsklighet \u00e4r en b\u00e4rande kraft \u00e4ven i sv\u00e5ra stunder. Den kraften finns \u00f6verallt i v\u00e5rt land. I de \u00f6gonblicken finns den v\u00e4rme och omtanke som v\u00e4rlden beh\u00f6ver mer av.<\/p>\n<\/blockquote>\n","protected":false},"excerpt":{"rendered":"I kungens \u00e5rliga jultal blickar han tillbaka p\u00e5 ett \u00e5r pr\u00e4glat av kris, krig och sorg. Men budskapet&hellip;\n","protected":false},"author":2,"featured_media":118406,"comment_status":"","ping_status":"","sticky":false,"template":"","format":"standard","meta":{"footnotes":""},"categories":[12],"tags":[22,23,26,27,17,21,24,25,28,29,15,16,18,34,31,33,32,30,19,20],"class_list":{"0":"post-118405","1":"post","2":"type-post","3":"status-publish","4":"format-standard","5":"has-post-thumbnail","7":"category-sverige","8":"tag-breaking-news","9":"tag-breakingnews","10":"tag-featured-news","11":"tag-featurednews","12":"tag-headlines","13":"tag-huvudnyheter","14":"tag-latest-news","15":"tag-latestnews","16":"tag-main-news","17":"tag-mainnews","18":"tag-news","19":"tag-nyheter","20":"tag-rubriker","21":"tag-se","22":"tag-svenska","23":"tag-sverige","24":"tag-sweden","25":"tag-swedish","26":"tag-top-stories","27":"tag-topstories"},"share_on_mastodon":{"url":"","error":""},"_links":{"self":[{"href":"https:\/\/www.europesays.com\/se\/wp-json\/wp\/v2\/posts\/118405","targetHints":{"allow":["GET"]}}],"collection":[{"href":"https:\/\/www.europesays.com\/se\/wp-json\/wp\/v2\/posts"}],"about":[{"href":"https:\/\/www.europesays.com\/se\/wp-json\/wp\/v2\/types\/post"}],"author":[{"embeddable":true,"href":"https:\/\/www.europesays.com\/se\/wp-json\/wp\/v2\/users\/2"}],"replies":[{"embeddable":true,"href":"https:\/\/www.europesays.com\/se\/wp-json\/wp\/v2\/comments?post=118405"}],"version-history":[{"count":0,"href":"https:\/\/www.europesays.com\/se\/wp-json\/wp\/v2\/posts\/118405\/revisions"}],"wp:featuredmedia":[{"embeddable":true,"href":"https:\/\/www.europesays.com\/se\/wp-json\/wp\/v2\/media\/118406"}],"wp:attachment":[{"href":"https:\/\/www.europesays.com\/se\/wp-json\/wp\/v2\/media?parent=118405"}],"wp:term":[{"taxonomy":"category","embeddable":true,"href":"https:\/\/www.europesays.com\/se\/wp-json\/wp\/v2\/categories?post=118405"},{"taxonomy":"post_tag","embeddable":true,"href":"https:\/\/www.europesays.com\/se\/wp-json\/wp\/v2\/tags?post=118405"}],"curies":[{"name":"wp","href":"https:\/\/api.w.org\/{rel}","templated":true}]}}