{"id":118407,"date":"2025-12-27T12:57:14","date_gmt":"2025-12-27T12:57:14","guid":{"rendered":"https:\/\/www.europesays.com\/se\/118407\/"},"modified":"2025-12-27T12:57:14","modified_gmt":"2025-12-27T12:57:14","slug":"27-december-10-00-trafikkontroll-vasterbottens-lan-polisen-se","status":"publish","type":"post","link":"https:\/\/www.europesays.com\/se\/118407\/","title":{"rendered":"27 december 10.00, Trafikkontroll, V\u00e4sterbottens l\u00e4n &#8211; Polisen.se"},"content":{"rendered":"<ol>\n<li><a href=\"https:\/\/news.google.com\/rss\/articles\/CBMiqgFBVV95cUxQV1lDOERCbUlwcmFVZnJpamYtS3ZOQVoxaC1xZS1KdzNpTzViYl9zOUxyX1RweFJLUkpEb2p2V0tKd1RiLTRENGlWZkh4czhiRFlkQ1J5ZkQ5cDVEdmpqbUctNEF3eXVyakZkN3RyNVR4MUxqMVhBLUY1dW1pSm8tbHNrZjdDX2NnemZGRkpNUXlTVVY2M2VoNm1acnBOZWJud0tzMWhhRko5Zw?oc=5\" target=\"_blank\" rel=\"nofollow noopener\">27 december 10.00, Trafikkontroll, V\u00e4sterbottens l\u00e4n<\/a>&nbsp;&nbsp;Polisen.se<\/li>\n<li><a href=\"https:\/\/news.google.com\/rss\/articles\/CBMi3wFBVV95cUxOQUI1aTVZdnpmRHV5Ykh2dGtEWlh3RFdMRENnWUhYVGtkM0JuUEpSRGdvTkRhdWppYkYzcFpvdm5tM0JhR1hvUjZfSFdkWUpscFJWenFIMkhoWk5IR3dpOUE0Qm9WN3REbUJxLVJNZjNmTmxtOE1xQXpKWFhUSkJyY3NaT21MRjdGdTFCeTJ0cVZYT1dMcVpvVEtGQW50YjljSXFyRUxvRWtIYU5pY3ZjTnBRdHlVV0h2dEFWY09Vd1RsOGNWM3lRYUpuOFJLZDh1RDV2VTE1T05rWmZQenNv?oc=5\" target=\"_blank\" rel=\"nofollow noopener\">Lycksele\/Ume\u00e5, resultat efter trafikkontroller<\/a>&nbsp;&nbsp;Brottsplatskartan.se<\/li>\n<li><a href=\"https:\/\/news.google.com\/rss\/articles\/CBMigwFBVV95cUxPRlFwMTloT2dkRGYwd3RkdnFKS3Z1blIyTDlOT0xjWjlndzlQd0RQeC1CUFdueVp3ekNWeU02d1hoZ05FX1RBMFBmWEs3THJaaDNGNVVrQTRBSmRVZ2ZiTDFlV1h5WkRCcGh0bHdMaE1oOWk3RWN0WU5vSWl5MTV0NFFoOA?oc=5\" target=\"_blank\" rel=\"nofollow noopener\">Brand i cykelf\u00f6rr\u00e5d.<\/a>&nbsp;&nbsp;Brottsplatskartan.se<\/li>\n<li><a href=\"https:\/\/news.google.com\/rss\/articles\/CBMiywFBVV95cUxNdThtYmdvak93M1o5d0diZnJfRXY5ZVRuY0xKdkktZndYcGhoMWVWUEFkZEFnZE93enhRSUdVeThKUlNzcmlpcWplbXRCeFdYRXE1aFlDOW51LTdqRWNGUnV4YnNpUVFkMTFRWjdVdWdiM1BLWmFiRTZMM3lYdmI2dmVZUnpZZTZ3ZmJISlozMEZBU29sclJBc3VGSXRZdlJTZDBNWU0zaVhSc290bnBJOUJvYnZBSUxBT0hKemIwRlBCcnI1ZWlPUzktQQ?oc=5\" target=\"_blank\" rel=\"nofollow noopener\">Centrum, bilist stoppad f\u00f6r kontroll vid Kyrkgatan<\/a>&nbsp;&nbsp;Brottsplatskartan.se<\/li>\n<li><a href=\"https:\/\/news.google.com\/rss\/articles\/CBMisAFBVV95cUxQTWZvTElkcWg5UDlrUGdzVjZzNkYzaUpfS2lfUVNMTk95R0hadlhQVVcwQTEzTnR2U2NIdmg1YkdZdGR1aW5OU2NZRUdIT1g5SXZHcFczbHRZVWJfeGxVb2JxSWx3cWtaRW03anJ0ZWV4NWhvSjB5YVVTUUpSVFRiekF2dHBzVFktRWppMjd3RGI4elk1akRFWnJsRks0U0dWLTlGaHZpakFmSzJaMm1uMg?oc=5\" target=\"_blank\" rel=\"nofollow noopener\">Tr\u00e4d och busskur har bl\u00e5st \u00f6ver v\u00e4g 621.<\/a>&nbsp;&nbsp;Brottsplatskartan.se<\/li>\n<\/ol>\n","protected":false},"excerpt":{"rendered":"27 december 10.00, Trafikkontroll, V\u00e4sterbottens l\u00e4n&nbsp;&nbsp;Polisen.se Lycksele\/Ume\u00e5, resultat efter trafikkontroller&nbsp;&nbsp;Brottsplatskartan.se Brand i cykelf\u00f6rr\u00e5d.&nbsp;&nbsp;Brottsplatskartan.se Centrum, bilist stoppad f\u00f6r kontroll&hellip;\n","protected":false},"author":2,"featured_media":54,"comment_status":"","ping_status":"","sticky":false,"template":"","format":"standard","meta":{"footnotes":""},"categories":[5],"tags":[22,23,26,27,17,21,24,25,28,29,15,16,18,34,31,33,32,30,19,20],"class_list":{"0":"post-118407","1":"post","2":"type-post","3":"status-publish","4":"format-standard","5":"has-post-thumbnail","7":"category-rubriker","8":"tag-breaking-news","9":"tag-breakingnews","10":"tag-featured-news","11":"tag-featurednews","12":"tag-headlines","13":"tag-huvudnyheter","14":"tag-latest-news","15":"tag-latestnews","16":"tag-main-news","17":"tag-mainnews","18":"tag-news","19":"tag-nyheter","20":"tag-rubriker","21":"tag-se","22":"tag-svenska","23":"tag-sverige","24":"tag-sweden","25":"tag-swedish","26":"tag-top-stories","27":"tag-topstories"},"share_on_mastodon":{"url":"https:\/\/pubeurope.com\/@se\/115791648769295749","error":""},"_links":{"self":[{"href":"https:\/\/www.europesays.com\/se\/wp-json\/wp\/v2\/posts\/118407","targetHints":{"allow":["GET"]}}],"collection":[{"href":"https:\/\/www.europesays.com\/se\/wp-json\/wp\/v2\/posts"}],"about":[{"href":"https:\/\/www.europesays.com\/se\/wp-json\/wp\/v2\/types\/post"}],"author":[{"embeddable":true,"href":"https:\/\/www.europesays.com\/se\/wp-json\/wp\/v2\/users\/2"}],"replies":[{"embeddable":true,"href":"https:\/\/www.europesays.com\/se\/wp-json\/wp\/v2\/comments?post=118407"}],"version-history":[{"count":0,"href":"https:\/\/www.europesays.com\/se\/wp-json\/wp\/v2\/posts\/118407\/revisions"}],"wp:featuredmedia":[{"embeddable":true,"href":"https:\/\/www.europesays.com\/se\/wp-json\/wp\/v2\/media\/54"}],"wp:attachment":[{"href":"https:\/\/www.europesays.com\/se\/wp-json\/wp\/v2\/media?parent=118407"}],"wp:term":[{"taxonomy":"category","embeddable":true,"href":"https:\/\/www.europesays.com\/se\/wp-json\/wp\/v2\/categories?post=118407"},{"taxonomy":"post_tag","embeddable":true,"href":"https:\/\/www.europesays.com\/se\/wp-json\/wp\/v2\/tags?post=118407"}],"curies":[{"name":"wp","href":"https:\/\/api.w.org\/{rel}","templated":true}]}}