{"id":118408,"date":"2025-12-27T12:59:14","date_gmt":"2025-12-27T12:59:14","guid":{"rendered":"https:\/\/www.europesays.com\/se\/118408\/"},"modified":"2025-12-27T12:59:14","modified_gmt":"2025-12-27T12:59:14","slug":"klart-martin-lundberg-atervander-till-skelleftea-shl","status":"publish","type":"post","link":"https:\/\/www.europesays.com\/se\/118408\/","title":{"rendered":"Klart: Martin Lundberg \u00e5terv\u00e4nder till Skellefte\u00e5 | SHL"},"content":{"rendered":"<p>Publicerad 27 dec 2025 kl 12.07Uppdaterad kl 13.24<\/p>\n<p>Expressen kunde i g\u00e5r avsl\u00f6ja att Martin Lundberg \u00e4r klar f\u00f6r en \u00e5terkomst till Skellefte\u00e5. Och under l\u00f6rdagen bekr\u00e4ftade klubben att forwarden ansluter <a href=\"https:\/\/www.skellefteaaik.se\/article\/q8lat7p-5n5bi1\/view\" rel=\"nofollow noopener\" target=\"_blank\">efter \u00e5rsskiftet<\/a>.<\/p>\n<p><img   alt=\"\"\/> <\/p>\n<p>Foto: OLA WESTERBERG \/ BILDBYR\u00c5N<\/p>\n<p>\u00d6ppna bild i helsk\u00e4rm<\/p>\n<p>Martin Lundberg, 35, \u00e4r tillbaka d\u00e4r allt b\u00f6rjade \u2013 i moderklubben Skellefte\u00e5. Forwarden som har varit kontraktsl\u00f6s sedan f\u00f6rra s\u00e4songen har skrivit p\u00e5 f\u00f6r klubben, och ansluter efter \u00e5rsskiftet, <a href=\"https:\/\/www.expressen.se\/sport\/hockey\/shl\/martin-lundberg-gor-comeback-i-skelleftea\/\" rel=\"nofollow noopener\" target=\"_blank\">n\u00e5got Expressen <\/a>avsl\u00f6jade under fredagen.<\/p>\n<p>\u2013 Det k\u00e4nns s\u00e5klart superkul att vara tillbaka, jag ser verkligen fram emot det h\u00e4r. Det blir som att sluta cirkeln, s\u00e4ger Lundberg till lagets hemsida.<\/p>\n<p>Lundberg vann SM-guld med Skellefte\u00e5 2013 och 2014. Han har dessutom vunnit tre SM-guld med V\u00e4xj\u00f6 Lakers.<\/p>\n","protected":false},"excerpt":{"rendered":"Publicerad 27 dec 2025 kl 12.07Uppdaterad kl 13.24 Expressen kunde i g\u00e5r avsl\u00f6ja att Martin Lundberg \u00e4r klar&hellip;\n","protected":false},"author":2,"featured_media":118409,"comment_status":"","ping_status":"","sticky":false,"template":"","format":"standard","meta":{"footnotes":""},"categories":[68],"tags":[1179,1894,34,255,823,111,110,31,33,32,30],"class_list":{"0":"post-118408","1":"post","2":"type-post","3":"status-publish","4":"format-standard","5":"has-post-thumbnail","7":"category-sport","8":"tag-organization-shl","9":"tag-organization-skelleftea-aik","10":"tag-se","11":"tag-sections-ishockey","12":"tag-sections-shl","13":"tag-sport","14":"tag-sports","15":"tag-svenska","16":"tag-sverige","17":"tag-sweden","18":"tag-swedish"},"share_on_mastodon":{"url":"https:\/\/pubeurope.com\/@se\/115791656581397737","error":""},"_links":{"self":[{"href":"https:\/\/www.europesays.com\/se\/wp-json\/wp\/v2\/posts\/118408","targetHints":{"allow":["GET"]}}],"collection":[{"href":"https:\/\/www.europesays.com\/se\/wp-json\/wp\/v2\/posts"}],"about":[{"href":"https:\/\/www.europesays.com\/se\/wp-json\/wp\/v2\/types\/post"}],"author":[{"embeddable":true,"href":"https:\/\/www.europesays.com\/se\/wp-json\/wp\/v2\/users\/2"}],"replies":[{"embeddable":true,"href":"https:\/\/www.europesays.com\/se\/wp-json\/wp\/v2\/comments?post=118408"}],"version-history":[{"count":0,"href":"https:\/\/www.europesays.com\/se\/wp-json\/wp\/v2\/posts\/118408\/revisions"}],"wp:featuredmedia":[{"embeddable":true,"href":"https:\/\/www.europesays.com\/se\/wp-json\/wp\/v2\/media\/118409"}],"wp:attachment":[{"href":"https:\/\/www.europesays.com\/se\/wp-json\/wp\/v2\/media?parent=118408"}],"wp:term":[{"taxonomy":"category","embeddable":true,"href":"https:\/\/www.europesays.com\/se\/wp-json\/wp\/v2\/categories?post=118408"},{"taxonomy":"post_tag","embeddable":true,"href":"https:\/\/www.europesays.com\/se\/wp-json\/wp\/v2\/tags?post=118408"}],"curies":[{"name":"wp","href":"https:\/\/api.w.org\/{rel}","templated":true}]}}