{"id":118410,"date":"2025-12-27T13:06:25","date_gmt":"2025-12-27T13:06:25","guid":{"rendered":"https:\/\/www.europesays.com\/se\/118410\/"},"modified":"2025-12-27T13:06:25","modified_gmt":"2025-12-27T13:06:25","slug":"22-aringens-mamma-jag-insag-att-han-kan-vara-farlig-nsd","status":"publish","type":"post","link":"https:\/\/www.europesays.com\/se\/118410\/","title":{"rendered":"22-\u00e5ringens mamma: &quot;Jag ins\u00e5g att han kan vara farlig&quot; &#8211; NSD"},"content":{"rendered":"<ol>\n<li><a href=\"https:\/\/news.google.com\/rss\/articles\/CBMiowFBVV95cUxOM0hPWDE2Y0xBOFdsYTFPQkVSQlZLWDktY0J3WDRVT2JCQTA4TFZ0TElwOG9wMWFEczJacXBqd3FIYVZBVXNScHo3ZndVQkpOSkRTRVVLc0pJdExEenRrZmlyNm1ZV01NWF9tQjM0TmwyU0FHeXZRdEFhazh4V0VBcDctZVl4QUF3N0V5OGk0SExrZnV4OGRnbFo3Vmk5YXlpSEx3?oc=5\" target=\"_blank\" rel=\"nofollow noopener\">22-\u00e5ringens mamma: &#8221;Jag ins\u00e5g att han kan vara farlig&#8221;<\/a>&nbsp;&nbsp;NSD<\/li>\n<li><a href=\"https:\/\/news.google.com\/rss\/articles\/CBMijAFBVV95cUxNMjdjSUh6YlpUSzQwQVMwOWVkWS1fQjFSZVVzay1JTVpPZHdGbnFPT2NtNHBaMVZFZHZWaUE2QlJkdVRnVFU2ajJ5MFJDNkZKZ3hrV01nR2VVWHlvcXJ5NkZRMUFZbVh2dFpkLUNHZk1BWnRKRFd3TEpDdUVpbzMwS05xbjdRb0FSQ0haNw?oc=5\" target=\"_blank\" rel=\"nofollow noopener\">Ove, 69, i sorg efter grannens d\u00f6d: Kan inte f\u00f6rst\u00e5<\/a>&nbsp;&nbsp;Aftonbladet<\/li>\n<li><a href=\"https:\/\/news.google.com\/rss\/articles\/CBMitgFBVV95cUxNOU44OEZmUGdNa2UtTnZndzFtZkRJZEYySEQ5ME9rTFpsdlZLQk9Uc3loc0JHb1FfZEtSeGNWeE4zbUNZNlZ5dEd1OGNaOVh0YWJXR2xFWWVuQk9SZWhxRnVBM2JiOVpXUF9lb0hab1EzTXBiWjU3cC1VN3B6YThrWXhBaE02YU52TXpoQm1NYlJaRjB3NFV5Z3dQcUlkREF3U2NhdndfQTZQbkFEVDQ5bExXeTJtQQ?oc=5\" target=\"_blank\" rel=\"nofollow noopener\">Mamman om mordmisst\u00e4nkte sonen: \u201dHan kan vara farlig\u201d<\/a>&nbsp;&nbsp;TV4 Nyheterna<\/li>\n<li><a href=\"https:\/\/news.google.com\/rss\/articles\/CBMid0FVX3lxTFAyQnVJMldhdUpubmo1cWw2aFNvZGN6OFNNU0ZFN3h1SHVoX3F6WW5rdXNxekd0LXJ6LW1SamtpemlWOTFNOFZCSl81bGFWUFhZb2MzT1hneW1pcUZiazc5Zy1lMTc2cVBtRzNCRWktQm9aOVdBSC1z?oc=5\" target=\"_blank\" rel=\"nofollow noopener\">Skadad i d\u00e5det i Boden har kunnat f\u00f6rh\u00f6ras<\/a>&nbsp;&nbsp;SvD<\/li>\n<li><a href=\"https:\/\/news.google.com\/rss\/articles\/CBMiowFBVV95cUxQVHpPcWRTeFozRllvMHhWMkRTbUZITDdHckJoZXNXbzhIRFRkTzFxaVJhXzNjdi1rN3M4T1pyc0tPaEpQLVNyNXBRZU9QQTdDVERrVDlaZW1xZHlScVViUjVSX29JMGlzbkxkSVJqT3FNTS14YkVhZGV5NUoxbUV4R3pzbUVweE5VZ1pfU21zUHlTaHNlNVhlMjNXek04LXN4dHJN?oc=5\" target=\"_blank\" rel=\"nofollow noopener\">Starka k\u00e4nslor i Boden efter v\u00e5ldsd\u00e5det \u2013 kyrkan h\u00e5ller extra\u00f6ppet<\/a>&nbsp;&nbsp;Sveriges Radio<\/li>\n<\/ol>\n","protected":false},"excerpt":{"rendered":"22-\u00e5ringens mamma: &#8221;Jag ins\u00e5g att han kan vara farlig&#8221;&nbsp;&nbsp;NSD Ove, 69, i sorg efter grannens d\u00f6d: Kan inte&hellip;\n","protected":false},"author":2,"featured_media":118411,"comment_status":"","ping_status":"","sticky":false,"template":"","format":"standard","meta":{"footnotes":""},"categories":[5],"tags":[22,23,26,27,17,21,24,25,28,29,15,16,18,34,31,33,32,30,19,20],"class_list":{"0":"post-118410","1":"post","2":"type-post","3":"status-publish","4":"format-standard","5":"has-post-thumbnail","7":"category-rubriker","8":"tag-breaking-news","9":"tag-breakingnews","10":"tag-featured-news","11":"tag-featurednews","12":"tag-headlines","13":"tag-huvudnyheter","14":"tag-latest-news","15":"tag-latestnews","16":"tag-main-news","17":"tag-mainnews","18":"tag-news","19":"tag-nyheter","20":"tag-rubriker","21":"tag-se","22":"tag-svenska","23":"tag-sverige","24":"tag-sweden","25":"tag-swedish","26":"tag-top-stories","27":"tag-topstories"},"share_on_mastodon":{"url":"https:\/\/pubeurope.com\/@se\/115791684123340291","error":""},"_links":{"self":[{"href":"https:\/\/www.europesays.com\/se\/wp-json\/wp\/v2\/posts\/118410","targetHints":{"allow":["GET"]}}],"collection":[{"href":"https:\/\/www.europesays.com\/se\/wp-json\/wp\/v2\/posts"}],"about":[{"href":"https:\/\/www.europesays.com\/se\/wp-json\/wp\/v2\/types\/post"}],"author":[{"embeddable":true,"href":"https:\/\/www.europesays.com\/se\/wp-json\/wp\/v2\/users\/2"}],"replies":[{"embeddable":true,"href":"https:\/\/www.europesays.com\/se\/wp-json\/wp\/v2\/comments?post=118410"}],"version-history":[{"count":0,"href":"https:\/\/www.europesays.com\/se\/wp-json\/wp\/v2\/posts\/118410\/revisions"}],"wp:featuredmedia":[{"embeddable":true,"href":"https:\/\/www.europesays.com\/se\/wp-json\/wp\/v2\/media\/118411"}],"wp:attachment":[{"href":"https:\/\/www.europesays.com\/se\/wp-json\/wp\/v2\/media?parent=118410"}],"wp:term":[{"taxonomy":"category","embeddable":true,"href":"https:\/\/www.europesays.com\/se\/wp-json\/wp\/v2\/categories?post=118410"},{"taxonomy":"post_tag","embeddable":true,"href":"https:\/\/www.europesays.com\/se\/wp-json\/wp\/v2\/tags?post=118410"}],"curies":[{"name":"wp","href":"https:\/\/api.w.org\/{rel}","templated":true}]}}