{"id":118414,"date":"2025-12-27T13:15:39","date_gmt":"2025-12-27T13:15:39","guid":{"rendered":"https:\/\/www.europesays.com\/se\/118414\/"},"modified":"2025-12-27T13:15:39","modified_gmt":"2025-12-27T13:15:39","slug":"sara-hector-trea-i-storslalomen-i-semmering","status":"publish","type":"post","link":"https:\/\/www.europesays.com\/se\/118414\/","title":{"rendered":"Sara Hector trea i storslalomen i Semmering"},"content":{"rendered":"<p><a data-test-tag=\"internal-link\" href=\"https:\/\/www.aftonbladet.se\/av\/benjamin-hanafi\" class=\"hyperion-css-13ns1rr\" rel=\"nofollow noopener\" target=\"\" aria-label=\"Se alla artiklar av Benjamin Hanafi\"><img decoding=\"async\" class=\"image-asset hyperion-css-n6kkq1\" data-test-tag=\"image-asset\" src=\"https:\/\/www.europesays.com\/se\/wp-content\/uploads\/2025\/12\/1766841338_405_ed296fd6-161a-49a4-8ec7-d71c8d0a5a1b\"  alt=\"\"  loading=\"lazy\" fetchpriority=\"auto\" style=\"aspect-ratio:1900 \/ 1900\"\/><\/a><\/p>\n<p class=\"boxtextgrotesk-root_baa6 hyperion-css-1w346fg\">Uppdaterad 14.12 | Publicerad 13.58<\/p>\n<p>share-arrowDela<\/p>\n<p>unsaveSpara<\/p>\n<p>Lyssna p\u00e5 artikelnLyssna p\u00e5&#8230;<\/p>\n<p class=\"hyperion-css-1shl3oz\" data-test-tag=\"lead-text\">Sara Hector, 33, tog andra pallplats raka pallplatsen i storslalom.<\/p>\n<p class=\"hyperion-css-1shl3oz\" data-test-tag=\"lead-text\">Svenskan slutade trea i Semmering.<\/p>\n<p class=\"hyperion-css-1shl3oz\" data-test-tag=\"lead-text\">\u2013 Det \u00e4r en Sara Hector med en upp\u00e5tstigande form, s\u00e4ger experten Emil Johansson i Viaplays s\u00e4ndning.<\/p>\n<p class=\"hyperion-css-1v9qo5x\">Hector var snabbast av samtliga \u00e5kare i f\u00f6rsta \u00e5ket, och ledde \u00e4ven l\u00e4nge under det andra.<\/p>\n<p class=\"hyperion-css-1v9qo5x\">Men efter halva \u00e5ket tappade svenskan ledningen och till sist slutade hon trea, fyra tiondelar bakom Julia Scheib som vann t\u00e4vlingen, f\u00f6re Camille Rast. <\/p>\n<p class=\"hyperion-css-1v9qo5x\">\u2013 Det \u00e4r ett k\u00e4mpar\u00e5k fr\u00e5n <a data-test-tag=\"internal-link\" href=\"https:\/\/www.aftonbladet.se\/tagg\/sara-hector\" class=\"hyperion-css-15jkft9\" rel=\"nofollow noopener\" target=\"\" aria-label=\"Sara Hector\" theme=\"sportbladet\">Sara Hector<\/a> som \u00e4nd\u00e5 kniper en pallplats. Det \u00e4r tufft, slagit och sv\u00e5rt, och det r\u00e4cker inte riktigt till, s\u00e4ger Emil Johansson. <\/p>\n<p class=\"hyperion-css-1v9qo5x\">Pallplatsen var Hectors andra raka i storslalom, senast slutade hon tv\u00e5a i Mont Tremblant.<\/p>\n<p class=\"hyperion-css-1v9qo5x\">Ett nytt starkt formbesked inf\u00f6r OS i februari, dit Hector \u00e5ker som regerande olympisk m\u00e4stare i storslalom.<\/p>\n<p>expand-left<\/p>\n<p>helsk\u00e4rm<img decoding=\"async\" class=\"image-asset hyperion-css-u06ts1\" data-test-tag=\"image-asset\" src=\"https:\/\/www.europesays.com\/se\/wp-content\/uploads\/2025\/12\/a40dbed8-3a24-4ff2-8db9-263990fa4304\"  alt=\"Sara Hector.\"  loading=\"eager\" fetchpriority=\"high\" style=\"aspect-ratio:1900 \/ 1266\"\/>Sara Hector. Foto: Pier Marco Tacca \/ AP<\/p>\n","protected":false},"excerpt":{"rendered":"Uppdaterad 14.12 | Publicerad 13.58 share-arrowDela unsaveSpara Lyssna p\u00e5 artikelnLyssna p\u00e5&#8230; Sara Hector, 33, tog andra pallplats raka&hellip;\n","protected":false},"author":2,"featured_media":118415,"comment_status":"","ping_status":"","sticky":false,"template":"","format":"standard","meta":{"footnotes":""},"categories":[5],"tags":[22,23,26,27,17,21,24,25,28,29,15,16,18,34,31,33,32,30,19,20],"class_list":{"0":"post-118414","1":"post","2":"type-post","3":"status-publish","4":"format-standard","5":"has-post-thumbnail","7":"category-rubriker","8":"tag-breaking-news","9":"tag-breakingnews","10":"tag-featured-news","11":"tag-featurednews","12":"tag-headlines","13":"tag-huvudnyheter","14":"tag-latest-news","15":"tag-latestnews","16":"tag-main-news","17":"tag-mainnews","18":"tag-news","19":"tag-nyheter","20":"tag-rubriker","21":"tag-se","22":"tag-svenska","23":"tag-sverige","24":"tag-sweden","25":"tag-swedish","26":"tag-top-stories","27":"tag-topstories"},"share_on_mastodon":{"url":"https:\/\/pubeurope.com\/@se\/115791719783674047","error":""},"_links":{"self":[{"href":"https:\/\/www.europesays.com\/se\/wp-json\/wp\/v2\/posts\/118414","targetHints":{"allow":["GET"]}}],"collection":[{"href":"https:\/\/www.europesays.com\/se\/wp-json\/wp\/v2\/posts"}],"about":[{"href":"https:\/\/www.europesays.com\/se\/wp-json\/wp\/v2\/types\/post"}],"author":[{"embeddable":true,"href":"https:\/\/www.europesays.com\/se\/wp-json\/wp\/v2\/users\/2"}],"replies":[{"embeddable":true,"href":"https:\/\/www.europesays.com\/se\/wp-json\/wp\/v2\/comments?post=118414"}],"version-history":[{"count":0,"href":"https:\/\/www.europesays.com\/se\/wp-json\/wp\/v2\/posts\/118414\/revisions"}],"wp:featuredmedia":[{"embeddable":true,"href":"https:\/\/www.europesays.com\/se\/wp-json\/wp\/v2\/media\/118415"}],"wp:attachment":[{"href":"https:\/\/www.europesays.com\/se\/wp-json\/wp\/v2\/media?parent=118414"}],"wp:term":[{"taxonomy":"category","embeddable":true,"href":"https:\/\/www.europesays.com\/se\/wp-json\/wp\/v2\/categories?post=118414"},{"taxonomy":"post_tag","embeddable":true,"href":"https:\/\/www.europesays.com\/se\/wp-json\/wp\/v2\/tags?post=118414"}],"curies":[{"name":"wp","href":"https:\/\/api.w.org\/{rel}","templated":true}]}}