{"id":118416,"date":"2025-12-27T13:18:07","date_gmt":"2025-12-27T13:18:07","guid":{"rendered":"https:\/\/www.europesays.com\/se\/118416\/"},"modified":"2025-12-27T13:18:07","modified_gmt":"2025-12-27T13:18:07","slug":"barcelona-funderar-redan-pa-tiden-efter-lewandowski-hufvudstadsbladet","status":"publish","type":"post","link":"https:\/\/www.europesays.com\/se\/118416\/","title":{"rendered":"Barcelona funderar redan p\u00e5 tiden efter Lewandowski \u2013 Hufvudstadsbladet"},"content":{"rendered":"<p>Lewandowski har \u00f6st in m\u00e5l f\u00f6r Barcelona, 109 stycken p\u00e5 165 matcher. I Bayern M\u00fcnchen blev det 344 m\u00e5l p\u00e5 375 matcher och i genombrottsklubben Dortmund 103 m\u00e5l p\u00e5 183 matcher. I Dortmund var Lewandowski, i synnerhet under de f\u00f6rsta s\u00e4songerna, ocks\u00e5 k\u00e4nd f\u00f6r att br\u00e4nna en del chanser men det senaste decenniet har han varit en av de b\u00e4sta m\u00e5lskyttarna i universum. Superduon Lionel Messi och Cristiano Ronaldo var \u00e4nnu vassare men duon h\u00e5ller numera till i MLS och Saudiarabien och det \u00e4r ligor som inte ens kan j\u00e4mf\u00f6ras med La Liga.<\/p>\n","protected":false},"excerpt":{"rendered":"Lewandowski har \u00f6st in m\u00e5l f\u00f6r Barcelona, 109 stycken p\u00e5 165 matcher. I Bayern M\u00fcnchen blev det 344&hellip;\n","protected":false},"author":2,"featured_media":118417,"comment_status":"","ping_status":"","sticky":false,"template":"","format":"standard","meta":{"footnotes":""},"categories":[68],"tags":[34,111,110,31,33,32,30],"class_list":{"0":"post-118416","1":"post","2":"type-post","3":"status-publish","4":"format-standard","5":"has-post-thumbnail","7":"category-sport","8":"tag-se","9":"tag-sport","10":"tag-sports","11":"tag-svenska","12":"tag-sverige","13":"tag-sweden","14":"tag-swedish"},"share_on_mastodon":{"url":"https:\/\/pubeurope.com\/@se\/115791731349982802","error":""},"_links":{"self":[{"href":"https:\/\/www.europesays.com\/se\/wp-json\/wp\/v2\/posts\/118416","targetHints":{"allow":["GET"]}}],"collection":[{"href":"https:\/\/www.europesays.com\/se\/wp-json\/wp\/v2\/posts"}],"about":[{"href":"https:\/\/www.europesays.com\/se\/wp-json\/wp\/v2\/types\/post"}],"author":[{"embeddable":true,"href":"https:\/\/www.europesays.com\/se\/wp-json\/wp\/v2\/users\/2"}],"replies":[{"embeddable":true,"href":"https:\/\/www.europesays.com\/se\/wp-json\/wp\/v2\/comments?post=118416"}],"version-history":[{"count":0,"href":"https:\/\/www.europesays.com\/se\/wp-json\/wp\/v2\/posts\/118416\/revisions"}],"wp:featuredmedia":[{"embeddable":true,"href":"https:\/\/www.europesays.com\/se\/wp-json\/wp\/v2\/media\/118417"}],"wp:attachment":[{"href":"https:\/\/www.europesays.com\/se\/wp-json\/wp\/v2\/media?parent=118416"}],"wp:term":[{"taxonomy":"category","embeddable":true,"href":"https:\/\/www.europesays.com\/se\/wp-json\/wp\/v2\/categories?post=118416"},{"taxonomy":"post_tag","embeddable":true,"href":"https:\/\/www.europesays.com\/se\/wp-json\/wp\/v2\/tags?post=118416"}],"curies":[{"name":"wp","href":"https:\/\/api.w.org\/{rel}","templated":true}]}}