{"id":118418,"date":"2025-12-27T13:24:07","date_gmt":"2025-12-27T13:24:07","guid":{"rendered":"https:\/\/www.europesays.com\/se\/118418\/"},"modified":"2025-12-27T13:24:07","modified_gmt":"2025-12-27T13:24:07","slug":"totalmorker-rader-pa-popular-gangvag","status":"publish","type":"post","link":"https:\/\/www.europesays.com\/se\/118418\/","title":{"rendered":"Totalm\u00f6rker r\u00e5der p\u00e5 popul\u00e4r g\u00e5ngv\u00e4g"},"content":{"rendered":"<p class=\"ort\">Tallkrogen<\/p>\n<p class=\"text\">Totalt j\u00e4vla m\u00f6rker. S\u00e5 hette ett gammalt hardcore-band fr\u00e5n Skellefte\u00e5.<\/p>\n<p class=\"text\">Om deras l\u00e5tar brukar skr\u00e5las bland villorna i Tallkrogen ska vi l\u00e5ta vara osagt. Men alla som g\u00e5r p\u00e5 Tiokampsv\u00e4gen kan i alla fall relatera till bandnamnet.<\/p>\n<p class=\"text\">N\u00e4r luftburna elledningar i Tallkrogen nyligen <a target=\"_blank\" rel=\"noopener nofollow\" href=\"https:\/\/www.mitti.se\/nyheter\/har-ska-ledningarna-gravas-ner-i-marken-6.3.216268.a5bf893963\">ersattes av nergr\u00e4vda<\/a>, fick flera gator \u00e4ven <a target=\"_blank\" rel=\"noopener nofollow\" href=\"https:\/\/www.mitti.se\/nyheter\/protester-nar-granngatan-fick-finare-stolpar-6.3.278305.54e6d8843e\">ny belysning<\/a>. <\/p>\n<p class=\"citat\">Det k\u00e4nns v\u00e5dligt \u2013 det \u00e4r helt becksvart<\/p>\n<p class=\"text\">Men inte Tiokampsv\u00e4gen. Det \u00e4r en flitigt anv\u00e4nd g\u00e5ngv\u00e4g, som l\u00f6per mellan villagatorna och upp till cykelbanan vid Nyn\u00e4sv\u00e4gen. <\/p>\n<p class=\"text\">\u2013 M\u00e5nga g\u00e5r h\u00e4r med hundar och n\u00e4r de ska till och fr\u00e5n tunnelbanan. Det k\u00e4nns otryggt nu, man ser inte var man s\u00e4tter f\u00f6tterna, s\u00e4ger Hel\u00e9n Segerstedt.<\/p>\n<p class=\"text\">\u2013 Jag cyklar h\u00e4r varje dag. Det k\u00e4nns v\u00e5dligt \u2013 det \u00e4r helt becksvart, s\u00e4ger grannen Lars Falk.<\/p>\n<p class=\"text\">\u2013 V\u00e5r dotter g\u00e5r h\u00e4r, och f\u00f6rut fanns det lampor, s\u00e4ger Peter Turah.<\/p>\n<p><img decoding=\"async\" class=\"Image Image_\" src=\"\" data-aghref=\"http:\/\/www.mitti.se\/image-3.352960.269390.20251227130720.dfc72553ec\" data-agimagetype=\"hardcrop\" alt=\"Lars Falk, Peter Turah och Hel\u00e9n Segerstedt vill ha ljuset tillbaka p\u00e5 g\u00e5ngv\u00e4gen.\"\/><\/p>\n<p class=\"Caption\">Lars Falk, Peter Turah och Hel\u00e9n Segerstedt vill ha ljuset tillbaka p\u00e5 g\u00e5ngv\u00e4gen.<\/p>\n<p class=\"Source\">Mattias Kamgren<\/p>\n<p>\u201dJ\u00e4ttem\u00e4rkligt\u201d<\/p>\n<p class=\"text\">Flera grannar har anm\u00e4lt saken till stadens tyck till-app. Hel\u00e9n Segerstedt \u00e4r den enda som f\u00e5tt ett svar. Och det blev inte det hon hoppades p\u00e5.<\/p>\n<p class=\"text\">\u2013 Tydligen m\u00e5ste det till en separat entreprenad f\u00f6r att ordna belysningen h\u00e4r. Det k\u00e4nns j\u00e4ttem\u00e4rkligt att det inte kunde g\u00f6ras samtidigt som p\u00e5 de andra gatorna, s\u00e4ger hon.<\/p>\n<p>Kan fixas till v\u00e5ren<\/p>\n<p class=\"text\">Till Mitt i s\u00e4ger trafikkontoret att de tittar p\u00e5 en l\u00f6sning och att lampor kan vara p\u00e5 plats igen under andra kvartalet av 2026. Lagom till den ljusare \u00e5rstiden allts\u00e5 \u2013 men \u00e4nd\u00e5.<\/p>\n<p class=\"text\"> \u2013 Den nya belysningen kommer att bli b\u00e4ttre. Lamporna kommer lysa upp st\u00f6rre delar av v\u00e4gen och mindre ljus kommer riktas i tr\u00e4dg\u00e5rdarna. Den f\u00f6rra belysningen var gammal och det var p\u00e5 tiden att g\u00f6ra n\u00e5got \u00e5t den, s\u00e4ger Malinda Flodman, pressansvarig p\u00e5 trafikkontoret.<\/p>\n<p class=\"text\">Smakar det s\u00e5 kostar det. Den nya belysningen p\u00e5 Tiokampsv\u00e4gen ber\u00e4knas g\u00e5 p\u00e5 totalt 2,5 miljoner, inklusive planering, material och montering. Detta enligt uppgifter fr\u00e5n trafikkontoret.<\/p>\n<p><img decoding=\"async\" class=\"Image Image_\" src=\"\" data-aghref=\"http:\/\/www.mitti.se\/image-3.352956.269390.20251227130720.1.3e73eabb71\" data-agimagetype=\"hardcrop\" alt=\"Inte l\u00e4tt att se var man s\u00e4tter f\u00f6tterna i m\u00f6rkret p\u00e5 Tiokampsv\u00e4gen.\"\/><\/p>\n<p class=\"Caption\">Inte l\u00e4tt att se var man s\u00e4tter f\u00f6tterna i m\u00f6rkret p\u00e5 Tiokampsv\u00e4gen.<\/p>\n<p class=\"Source\">Mattias Kamgren<\/p>\n","protected":false},"excerpt":{"rendered":"Tallkrogen Totalt j\u00e4vla m\u00f6rker. S\u00e5 hette ett gammalt hardcore-band fr\u00e5n Skellefte\u00e5. Om deras l\u00e5tar brukar skr\u00e5las bland villorna&hellip;\n","protected":false},"author":2,"featured_media":118419,"comment_status":"","ping_status":"","sticky":false,"template":"","format":"standard","meta":{"footnotes":""},"categories":[12],"tags":[22,23,26,27,17,21,24,25,28,29,15,16,18,34,31,33,32,30,19,20],"class_list":{"0":"post-118418","1":"post","2":"type-post","3":"status-publish","4":"format-standard","5":"has-post-thumbnail","7":"category-sverige","8":"tag-breaking-news","9":"tag-breakingnews","10":"tag-featured-news","11":"tag-featurednews","12":"tag-headlines","13":"tag-huvudnyheter","14":"tag-latest-news","15":"tag-latestnews","16":"tag-main-news","17":"tag-mainnews","18":"tag-news","19":"tag-nyheter","20":"tag-rubriker","21":"tag-se","22":"tag-svenska","23":"tag-sverige","24":"tag-sweden","25":"tag-swedish","26":"tag-top-stories","27":"tag-topstories"},"share_on_mastodon":{"url":"https:\/\/pubeurope.com\/@se\/115791755196658188","error":""},"_links":{"self":[{"href":"https:\/\/www.europesays.com\/se\/wp-json\/wp\/v2\/posts\/118418","targetHints":{"allow":["GET"]}}],"collection":[{"href":"https:\/\/www.europesays.com\/se\/wp-json\/wp\/v2\/posts"}],"about":[{"href":"https:\/\/www.europesays.com\/se\/wp-json\/wp\/v2\/types\/post"}],"author":[{"embeddable":true,"href":"https:\/\/www.europesays.com\/se\/wp-json\/wp\/v2\/users\/2"}],"replies":[{"embeddable":true,"href":"https:\/\/www.europesays.com\/se\/wp-json\/wp\/v2\/comments?post=118418"}],"version-history":[{"count":0,"href":"https:\/\/www.europesays.com\/se\/wp-json\/wp\/v2\/posts\/118418\/revisions"}],"wp:featuredmedia":[{"embeddable":true,"href":"https:\/\/www.europesays.com\/se\/wp-json\/wp\/v2\/media\/118419"}],"wp:attachment":[{"href":"https:\/\/www.europesays.com\/se\/wp-json\/wp\/v2\/media?parent=118418"}],"wp:term":[{"taxonomy":"category","embeddable":true,"href":"https:\/\/www.europesays.com\/se\/wp-json\/wp\/v2\/categories?post=118418"},{"taxonomy":"post_tag","embeddable":true,"href":"https:\/\/www.europesays.com\/se\/wp-json\/wp\/v2\/tags?post=118418"}],"curies":[{"name":"wp","href":"https:\/\/api.w.org\/{rel}","templated":true}]}}