{"id":118422,"date":"2025-12-27T13:27:08","date_gmt":"2025-12-27T13:27:08","guid":{"rendered":"https:\/\/www.europesays.com\/se\/118422\/"},"modified":"2025-12-27T13:27:08","modified_gmt":"2025-12-27T13:27:08","slug":"succe-for-sara-hector-i-osterrike-alpint","status":"publish","type":"post","link":"https:\/\/www.europesays.com\/se\/118422\/","title":{"rendered":"Succ\u00e9 f\u00f6r Sara Hector i \u00d6sterrike | Alpint"},"content":{"rendered":"<p>Publicerad 27 dec 2025 kl 13.58Uppdaterad kl 14.25<\/p>\n<p>Sara Hector visar att OS-formen \u00e4r p\u00e5 v\u00e4g. I \u00f6sterrikiska Semmering tog hon andra raka pallplatsen i storslalom, n\u00e4r hon slutade trea.<\/p>\n<p>\u2013 Det \u00e4r ett k\u00e4mpa\u00e5k av Sara Hector som kniper en pallplats, s\u00e4ger Viaplays expert Emil Johansson.<\/p>\n<p><img   alt=\"\"\/> <\/p>\n<p>Foto: GEPA PICTURES\/ MATIC KLANSEK \/ GEPA PICTURES BILDBYR\u00c5N<\/p>\n<p>\u00d6ppna bild i helsk\u00e4rm<\/p>\n<p><a href=\"https:\/\/www.expressen.se\/tagg\/person\/sara-hector\/\" class=\"\" rel=\"nofollow noopener\" target=\"_blank\">Sara Hector<\/a> gick ut i ledning med tv\u00e5 hundradelar f\u00f6re hemma\u00e5karen Julia Scheib, 27, efter det f\u00f6rsta \u00e5ket. Och det andra \u00e5ket b\u00f6rjade bra, n\u00e4r hon h\u00f6ll j\u00e4mna steg med Scheib fram till sista mellantiden.\u00a0<\/p>\n<p>Men Scheib lyckades ta sin tredje v\u00e4rldscupseger i storslalom \u2013 efter en urstark avslutning.<\/p>\n<p>Hector fick \u00e4ven se sig passerad av Camille Rast, och var 40 hundradelar fr\u00e5n vinnande Scheib.<\/p>\n<p>Hector f\u00f6ljde d\u00e4rmed upp andraplatsen fr\u00e5n kanadensiska Tremblant med att p\u00e5 nytt ta en pallplats.<\/p>\n<p>\u2013 Det \u00e4r ett k\u00e4mpa\u00e5k av Sara Hector som kniper en pallplats. Det \u00e4r tufft, slagit och sv\u00e5rt. Men hon r\u00e4cker inte riktigt till mot Scheib s\u00e4ger Viaplays expert Emil Johansson.<\/p>\n","protected":false},"excerpt":{"rendered":"Publicerad 27 dec 2025 kl 13.58Uppdaterad kl 14.25 Sara Hector visar att OS-formen \u00e4r p\u00e5 v\u00e4g. I \u00f6sterrikiska&hellip;\n","protected":false},"author":2,"featured_media":118423,"comment_status":"","ping_status":"","sticky":false,"template":"","format":"standard","meta":{"footnotes":""},"categories":[68],"tags":[5936,34,1175,111,110,31,33,32,30],"class_list":{"0":"post-118422","1":"post","2":"type-post","3":"status-publish","4":"format-standard","5":"has-post-thumbnail","7":"category-sport","8":"tag-person-sara-hector","9":"tag-se","10":"tag-sections-alpint","11":"tag-sport","12":"tag-sports","13":"tag-svenska","14":"tag-sverige","15":"tag-sweden","16":"tag-swedish"},"share_on_mastodon":{"url":"https:\/\/pubeurope.com\/@se\/115791766692038961","error":""},"_links":{"self":[{"href":"https:\/\/www.europesays.com\/se\/wp-json\/wp\/v2\/posts\/118422","targetHints":{"allow":["GET"]}}],"collection":[{"href":"https:\/\/www.europesays.com\/se\/wp-json\/wp\/v2\/posts"}],"about":[{"href":"https:\/\/www.europesays.com\/se\/wp-json\/wp\/v2\/types\/post"}],"author":[{"embeddable":true,"href":"https:\/\/www.europesays.com\/se\/wp-json\/wp\/v2\/users\/2"}],"replies":[{"embeddable":true,"href":"https:\/\/www.europesays.com\/se\/wp-json\/wp\/v2\/comments?post=118422"}],"version-history":[{"count":0,"href":"https:\/\/www.europesays.com\/se\/wp-json\/wp\/v2\/posts\/118422\/revisions"}],"wp:featuredmedia":[{"embeddable":true,"href":"https:\/\/www.europesays.com\/se\/wp-json\/wp\/v2\/media\/118423"}],"wp:attachment":[{"href":"https:\/\/www.europesays.com\/se\/wp-json\/wp\/v2\/media?parent=118422"}],"wp:term":[{"taxonomy":"category","embeddable":true,"href":"https:\/\/www.europesays.com\/se\/wp-json\/wp\/v2\/categories?post=118422"},{"taxonomy":"post_tag","embeddable":true,"href":"https:\/\/www.europesays.com\/se\/wp-json\/wp\/v2\/tags?post=118422"}],"curies":[{"name":"wp","href":"https:\/\/api.w.org\/{rel}","templated":true}]}}