{"id":118424,"date":"2025-12-27T13:35:14","date_gmt":"2025-12-27T13:35:14","guid":{"rendered":"https:\/\/www.europesays.com\/se\/118424\/"},"modified":"2025-12-27T13:35:14","modified_gmt":"2025-12-27T13:35:14","slug":"evelina-och-andres-tranar-kulltorp","status":"publish","type":"post","link":"https:\/\/www.europesays.com\/se\/118424\/","title":{"rendered":"Evelina och Andres tr\u00e4nar Kulltorp"},"content":{"rendered":"<p>\t\t\t<img decoding=\"async\" src=\"https:\/\/www.europesays.com\/se\/wp-content\/uploads\/2025\/12\/Evelina-Elmersson-Andreas-Karlsson-251227-press-501x432.jpg\"   class=\"srcset block-text-image__img\" alt=\"\"\/><\/p>\n<p class=\"block-text-image__picture-text small-paragraph\">Evelina och Andres tr\u00e4nar Kulltorp<\/p>\n<p>Andreas \u201dNorvalla\u201d Karlsson kommer att ers\u00e4tta Marcus Elmersson som ansvarig tr\u00e4nare.<br \/>Han \u00e4r 50 \u00e5r och kommer fr\u00e5n Anderstorp och har tidigare tr\u00e4nat Anderstorps IF i \u00e5tta \u00e5r, Burseryd i fem \u00e5r och Bor i fyra \u00e5r.<\/p>\n<p>Tr\u00e4ningarna drar ig\u00e5ng den 12 januari och d\u00e5 st\u00e5r \u201dNorvalla\u201d redo att leda laget.<\/p>\n<p>Till sin hj\u00e4lp kommer han att ha Evelina Elmersson som forts\u00e4tter som assisterande tr\u00e4nare.<\/p>\n","protected":false},"excerpt":{"rendered":"Evelina och Andres tr\u00e4nar Kulltorp Andreas \u201dNorvalla\u201d Karlsson kommer att ers\u00e4tta Marcus Elmersson som ansvarig tr\u00e4nare.Han \u00e4r 50&hellip;\n","protected":false},"author":2,"featured_media":118425,"comment_status":"","ping_status":"","sticky":false,"template":"","format":"standard","meta":{"footnotes":""},"categories":[68],"tags":[34,111,110,31,33,32,30],"class_list":{"0":"post-118424","1":"post","2":"type-post","3":"status-publish","4":"format-standard","5":"has-post-thumbnail","7":"category-sport","8":"tag-se","9":"tag-sport","10":"tag-sports","11":"tag-svenska","12":"tag-sverige","13":"tag-sweden","14":"tag-swedish"},"share_on_mastodon":{"url":"https:\/\/pubeurope.com\/@se\/115791798421057557","error":""},"_links":{"self":[{"href":"https:\/\/www.europesays.com\/se\/wp-json\/wp\/v2\/posts\/118424","targetHints":{"allow":["GET"]}}],"collection":[{"href":"https:\/\/www.europesays.com\/se\/wp-json\/wp\/v2\/posts"}],"about":[{"href":"https:\/\/www.europesays.com\/se\/wp-json\/wp\/v2\/types\/post"}],"author":[{"embeddable":true,"href":"https:\/\/www.europesays.com\/se\/wp-json\/wp\/v2\/users\/2"}],"replies":[{"embeddable":true,"href":"https:\/\/www.europesays.com\/se\/wp-json\/wp\/v2\/comments?post=118424"}],"version-history":[{"count":0,"href":"https:\/\/www.europesays.com\/se\/wp-json\/wp\/v2\/posts\/118424\/revisions"}],"wp:featuredmedia":[{"embeddable":true,"href":"https:\/\/www.europesays.com\/se\/wp-json\/wp\/v2\/media\/118425"}],"wp:attachment":[{"href":"https:\/\/www.europesays.com\/se\/wp-json\/wp\/v2\/media?parent=118424"}],"wp:term":[{"taxonomy":"category","embeddable":true,"href":"https:\/\/www.europesays.com\/se\/wp-json\/wp\/v2\/categories?post=118424"},{"taxonomy":"post_tag","embeddable":true,"href":"https:\/\/www.europesays.com\/se\/wp-json\/wp\/v2\/tags?post=118424"}],"curies":[{"name":"wp","href":"https:\/\/api.w.org\/{rel}","templated":true}]}}