{"id":118426,"date":"2025-12-27T13:41:08","date_gmt":"2025-12-27T13:41:08","guid":{"rendered":"https:\/\/www.europesays.com\/se\/118426\/"},"modified":"2025-12-27T13:41:08","modified_gmt":"2025-12-27T13:41:08","slug":"nicolas-sarkozy-skrev-bastsaljare-i-fangelset","status":"publish","type":"post","link":"https:\/\/www.europesays.com\/se\/118426\/","title":{"rendered":"Nicolas Sarkozy skrev b\u00e4sts\u00e4ljare i f\u00e4ngelset"},"content":{"rendered":"<p><strong>BRYSSEL<\/strong> Bilderna fr\u00e5n julsemestern p\u00e5 \u00f6n Guadeloupe har skapat visst rabalder i Frankrike. Den forne presidenten Nicolas Sarkozy springer skjortl\u00f6s och barfota p\u00e5 stranden, och umg\u00e5s med sin fru, s\u00e5ngerskan Carla Bruni, och parets dotter Giulia. <\/p>\n<p>Familjen gosar, badar och njuter av den karibiska solen \u2013 trots att Sarkozy s\u00e5 sent som i oktober f\u00f6rdes till en cell, d\u00e4r han skulle avtj\u00e4na ett f\u00e4ngelsestraff. <\/p>\n","protected":false},"excerpt":{"rendered":"BRYSSEL Bilderna fr\u00e5n julsemestern p\u00e5 \u00f6n Guadeloupe har skapat visst rabalder i Frankrike. Den forne presidenten Nicolas Sarkozy&hellip;\n","protected":false},"author":2,"featured_media":118427,"comment_status":"","ping_status":"","sticky":false,"template":"","format":"standard","meta":{"footnotes":""},"categories":[5],"tags":[22,23,26,27,17,21,24,25,28,29,15,16,18,34,31,33,32,30,19,20],"class_list":{"0":"post-118426","1":"post","2":"type-post","3":"status-publish","4":"format-standard","5":"has-post-thumbnail","7":"category-rubriker","8":"tag-breaking-news","9":"tag-breakingnews","10":"tag-featured-news","11":"tag-featurednews","12":"tag-headlines","13":"tag-huvudnyheter","14":"tag-latest-news","15":"tag-latestnews","16":"tag-main-news","17":"tag-mainnews","18":"tag-news","19":"tag-nyheter","20":"tag-rubriker","21":"tag-se","22":"tag-svenska","23":"tag-sverige","24":"tag-sweden","25":"tag-swedish","26":"tag-top-stories","27":"tag-topstories"},"share_on_mastodon":{"url":"https:\/\/pubeurope.com\/@se\/115791821805598891","error":""},"_links":{"self":[{"href":"https:\/\/www.europesays.com\/se\/wp-json\/wp\/v2\/posts\/118426","targetHints":{"allow":["GET"]}}],"collection":[{"href":"https:\/\/www.europesays.com\/se\/wp-json\/wp\/v2\/posts"}],"about":[{"href":"https:\/\/www.europesays.com\/se\/wp-json\/wp\/v2\/types\/post"}],"author":[{"embeddable":true,"href":"https:\/\/www.europesays.com\/se\/wp-json\/wp\/v2\/users\/2"}],"replies":[{"embeddable":true,"href":"https:\/\/www.europesays.com\/se\/wp-json\/wp\/v2\/comments?post=118426"}],"version-history":[{"count":0,"href":"https:\/\/www.europesays.com\/se\/wp-json\/wp\/v2\/posts\/118426\/revisions"}],"wp:featuredmedia":[{"embeddable":true,"href":"https:\/\/www.europesays.com\/se\/wp-json\/wp\/v2\/media\/118427"}],"wp:attachment":[{"href":"https:\/\/www.europesays.com\/se\/wp-json\/wp\/v2\/media?parent=118426"}],"wp:term":[{"taxonomy":"category","embeddable":true,"href":"https:\/\/www.europesays.com\/se\/wp-json\/wp\/v2\/categories?post=118426"},{"taxonomy":"post_tag","embeddable":true,"href":"https:\/\/www.europesays.com\/se\/wp-json\/wp\/v2\/tags?post=118426"}],"curies":[{"name":"wp","href":"https:\/\/api.w.org\/{rel}","templated":true}]}}