{"id":118428,"date":"2025-12-27T13:42:07","date_gmt":"2025-12-27T13:42:07","guid":{"rendered":"https:\/\/www.europesays.com\/se\/118428\/"},"modified":"2025-12-27T13:42:07","modified_gmt":"2025-12-27T13:42:07","slug":"forskning-att-kunna-flera-sprak-bromsar-aldrandet-avsevart","status":"publish","type":"post","link":"https:\/\/www.europesays.com\/se\/118428\/","title":{"rendered":"Forskning: Att kunna flera spr\u00e5k bromsar \u00e5ldrandet avsev\u00e4rt"},"content":{"rendered":"<p>Otroligt positivt<\/p>\n<p>Det \u00e4r otroligt positivt, s\u00e4ger <strong>Martin Lauritzen<\/strong>, professor i \u00e5ldrande vid institutionen f\u00f6r neurovetenskap vid K\u00f6penhamns universitet.<\/p>\n<p>\u201cStudien visar att ju fler spr\u00e5k man kan, desto b\u00e4ttre fungerar man kognitivt. Och ju b\u00e4ttre vi fungerar kognitivt, desto st\u00f6rre reserv m\u00e5ste vi st\u00e5 emot, b\u00e5de n\u00e4r vi blir gamla och om vi skulle utveckla en demenssjukdom som Alzheimers, s\u00e4ger Martin Lauritzen.<\/p>\n<p>Forskningen tyder p\u00e5 att hj\u00e4rnan f\u00e5r ett slags mentalt tr\u00e4ningspass av att v\u00e4xla mellan olika spr\u00e5k: den m\u00e5ste styra uppm\u00e4rksamhet, filtrera bort spr\u00e5kst\u00f6rningar och h\u00e5lla flera system aktiva samtidigt. <\/p>\n<p>Denna kognitiva tr\u00e4ning bygger det som kallas f\u00f6r kognitiv reserv, vilket kan skydda mot b\u00e5de \u00e5ldrande och demenssjukdomar som Alzheimers. <\/p>\n<p>Om studien<\/p>\n<p>Forskarna analyserade data fr\u00e5n 86 149 deltagare i \u00e5ldrarna 51 till 90 \u00e5r i 27 europeiska l\u00e4nder. De ville ta reda p\u00e5 om \u00e5ldrandet skedde snabbare eller l\u00e5ngsammare \u00e4n v\u00e4ntat, baserat p\u00e5 h\u00e4lso- och livsstilsfaktorer.<\/p>\n<p>De fann att personer som bara talade ett spr\u00e5k l\u00f6pte ungef\u00e4r dubbelt s\u00e5 stor risk att uppleva ett snabbare \u00e5ldrande. Flerspr\u00e5kiga personer hade i genomsnitt ungef\u00e4r h\u00e4lften s\u00e5 stor risk.<\/p>\n<p>Den skyddande effekten av flerspr\u00e5kighet f\u00f6rblev signifikant \u00e4ven efter justering f\u00f6r \u00e5lder och spr\u00e5klig, fysisk, social och sociopolitisk exponering.<\/p>\n<p><strong>L\u00e4s mer p\u00e5 News55:<\/strong><\/p>\n<p><a href=\"https:\/\/www.news55.se\/privatekonomi\/trots-stigande-livslangd-svenskarna-tar-ut-pension-allt-tidigare\/\" rel=\"nofollow noopener\" target=\"_blank\">Trots stigande livsl\u00e4ngd: Svenskarna tar ut pension allt tidigare<\/a><\/p>\n<p><a href=\"https:\/\/www.news55.se\/privatekonomi\/da-far-man-69-800-kronor-bara-i-allman-pension-maxa\/\" rel=\"nofollow noopener\" target=\"_blank\">D\u00e5 f\u00e5r man 69 800 kronor bara i allm\u00e4n pension: \u201cMaxa\u201d<\/a><\/p>\n<p><a href=\"https:\/\/www.news55.se\/privatekonomi\/skattefallan-for-pensionarer-fodelsearet-avgor-din-planbok-flera-tusen-kronor\/\" rel=\"nofollow noopener\" target=\"_blank\">Skattef\u00e4llan f\u00f6r pension\u00e4rer \u2013 f\u00f6delse\u00e5ret avg\u00f6r din pl\u00e5nbok: \u201cFlera tusen kronor\u201d<\/a><\/p>\n<p><a href=\"https:\/\/www.news55.se\/halsa\/kroppen-tappar-fart-tidigt-men-traning-hjalper-oavsett-nar-du-borjar\/\" rel=\"nofollow noopener\" target=\"_blank\">Kroppen tappar fart tidigt \u2013 men tr\u00e4ning hj\u00e4lper oavsett n\u00e4r du b\u00f6rjar<\/a><\/p>\n<p>L\u00e4s mer fr\u00e5n News55 &#8211; v\u00e5rt nyhetsbrev \u00e4r kostnadsfritt:Prenumerera<\/p>\n","protected":false},"excerpt":{"rendered":"Otroligt positivt Det \u00e4r otroligt positivt, s\u00e4ger Martin Lauritzen, professor i \u00e5ldrande vid institutionen f\u00f6r neurovetenskap vid K\u00f6penhamns&hellip;\n","protected":false},"author":2,"featured_media":118429,"comment_status":"","ping_status":"","sticky":false,"template":"","format":"standard","meta":{"footnotes":""},"categories":[69],"tags":[2069,12669,632,113,112,34,12670,31,33,32,30],"class_list":{"0":"post-118428","1":"post","2":"type-post","3":"status-publish","4":"format-standard","5":"has-post-thumbnail","7":"category-halsa","8":"tag-aldrande","9":"tag-aldreforskning","10":"tag-forskning","11":"tag-halsa","12":"tag-health","13":"tag-se","14":"tag-sprak","15":"tag-svenska","16":"tag-sverige","17":"tag-sweden","18":"tag-swedish"},"share_on_mastodon":{"url":"https:\/\/pubeurope.com\/@se\/115791825816496218","error":""},"_links":{"self":[{"href":"https:\/\/www.europesays.com\/se\/wp-json\/wp\/v2\/posts\/118428","targetHints":{"allow":["GET"]}}],"collection":[{"href":"https:\/\/www.europesays.com\/se\/wp-json\/wp\/v2\/posts"}],"about":[{"href":"https:\/\/www.europesays.com\/se\/wp-json\/wp\/v2\/types\/post"}],"author":[{"embeddable":true,"href":"https:\/\/www.europesays.com\/se\/wp-json\/wp\/v2\/users\/2"}],"replies":[{"embeddable":true,"href":"https:\/\/www.europesays.com\/se\/wp-json\/wp\/v2\/comments?post=118428"}],"version-history":[{"count":0,"href":"https:\/\/www.europesays.com\/se\/wp-json\/wp\/v2\/posts\/118428\/revisions"}],"wp:featuredmedia":[{"embeddable":true,"href":"https:\/\/www.europesays.com\/se\/wp-json\/wp\/v2\/media\/118429"}],"wp:attachment":[{"href":"https:\/\/www.europesays.com\/se\/wp-json\/wp\/v2\/media?parent=118428"}],"wp:term":[{"taxonomy":"category","embeddable":true,"href":"https:\/\/www.europesays.com\/se\/wp-json\/wp\/v2\/categories?post=118428"},{"taxonomy":"post_tag","embeddable":true,"href":"https:\/\/www.europesays.com\/se\/wp-json\/wp\/v2\/tags?post=118428"}],"curies":[{"name":"wp","href":"https:\/\/api.w.org\/{rel}","templated":true}]}}